{"id":171168,"date":"2020-05-23T17:26:19","date_gmt":"2020-05-23T20:26:19","guid":{"rendered":"https:\/\/www.caririemacao.com\/1\/?p=171168"},"modified":"2020-05-23T17:26:19","modified_gmt":"2020-05-23T20:26:19","slug":"secretaria-de-educacao-de-caraubas-apresenta-medidas-adotadas-para-rede-publica-de-ensino-e-anuncia-distribuicao-de-kits-da-merenda-escolar","status":"publish","type":"post","link":"https:\/\/www.caririemacao.com\/1\/2020\/05\/23\/secretaria-de-educacao-de-caraubas-apresenta-medidas-adotadas-para-rede-publica-de-ensino-e-anuncia-distribuicao-de-kits-da-merenda-escolar\/","title":{"rendered":"Secretaria de Educa\u00e7\u00e3o de Cara\u00fabas apresenta medidas adotadas para rede p\u00fablica de ensino e anuncia distribui\u00e7\u00e3o de Kit\u2019s da merenda escolar"},"content":{"rendered":"\n<p>Com a suspens\u00e3o das aulas presenciais desde o \u00faltimo m\u00eas de Mar\u00e7o do corrente ano que a secretaria da educa\u00e7\u00e3o do munic\u00edpio de Cara\u00fabas vem adotando medidas necess\u00e1rias para manter o v\u00ednculo das crian\u00e7as e jovens devidamente matriculados na rede municipal de ensino.<\/p>\n\n\n\n<p>Ap\u00f3s o cumprimento dos prazos do decreto municipal resolvemos antecipar as f\u00e9rias escolares do meio do ano para o m\u00eas de Abril como forma preventiva de garantir aos alunos e seus familiares que n\u00e3o haveria o contato presencial em virtude da pandemia do coronavirus, disse a secret\u00e1ria da educa\u00e7\u00e3o Rhayanne Fernandes.<\/p>\n\n\n\n<p>Estamos todos passando por um grande desafio em superar essa guerra conta a COVID-19. Tenho certeza que iremos vencer com a prote\u00e7\u00e3o de Deus, mas precisamos cada um de n\u00f3s fazermos nossa parte e ficar em casa. Pensando assim adotamos um novo formato de aulas on line pelo aplicativo whatsapp, onde os professores orientam os alunos e passam atividades escolares para serem realizadas em suas casas, afirmou ela.<\/p>\n\n\n\n<p>Infelizmente n\u00e3o s\u00f3 Cara\u00fabas mas toda a rede p\u00fablica de ensino do nosso Estado n\u00e3o estava preparada para uma Pandemia como essa. Algumas pessoas tem dificuldade de acesso a internet ou n\u00e3o tem um celular para facilitar o trabalho dos profissionais que tamb\u00e9m tem dificuldade. \u00c9 tudo muito diferente da forma presencial, completou Rhayanne.<\/p>\n\n\n\n<p>Com rela\u00e7\u00e3o a distribui\u00e7\u00e3o dos kits da Merenda Escolar a secret\u00e1ria afirmou que desde a libera\u00e7\u00e3o por parte do FNDE da legisla\u00e7\u00e3o autorizativa para distribui\u00e7\u00e3o dos mesmos que os t\u00e9cnicos vem trabalhando na aquisi\u00e7\u00e3o e organiza\u00e7\u00e3o dos alimentos. Submetemos a aprova\u00e7\u00e3o do Conselho Municipal da educa\u00e7\u00e3o \u2013 CAE a proposta que prontamente aprovada na \u00faltima ter\u00e7a-feira, dia 19\/05 foi encaminhada ao prefeito para homologa\u00e7\u00e3o atrav\u00e9s de Decreto, finalizou ela.<\/p>\n\n\n\n<p>De acordo com a secret\u00e1ria a partir da pr\u00f3xima semana um cronograma ser\u00e1 divulgado oficialmente garantindo a todos os alunos matriculados na rede p\u00fablica municipal de ensino receberem o kit. O \u00fanico crit\u00e9rio estabelecido pelo FNDE \u00e9 que o aluno esteja regularmente matriculado. Vamos montar uma estrat\u00e9gia de distribui\u00e7\u00e3o com todas as fam\u00edlias que ser\u00e3o comunicadas previamente.<br>Acompanhe todas as declara\u00e7\u00f5es da secret\u00e1rio da educa\u00e7\u00e3o em v\u00eddeo nas p\u00e1ginas oficiais da Prefeitura de Cara\u00fabas no facebook e no instagram da SEPLACOM.<\/p>\n\n\n\n<p><em>Seplacom<\/em><\/p>\n","protected":false},"excerpt":{"rendered":"<p>Com a suspens\u00e3o das aulas presenciais desde o \u00faltimo m\u00eas de Mar\u00e7o do corrente ano que a secretaria da educa\u00e7\u00e3o do munic\u00edpio de Cara\u00fabas vem&hellip; <\/p>\n","protected":false},"author":2,"featured_media":171169,"comment_status":"closed","ping_status":"closed","sticky":false,"template":"","format":"standard","meta":{"sfsi_plus_gutenberg_text_before_share":"","sfsi_plus_gutenberg_show_text_before_share":"","sfsi_plus_gutenberg_icon_type":"","sfsi_plus_gutenberg_icon_alignemt":"","sfsi_plus_gutenburg_max_per_row":"","footnotes":""},"categories":[2],"tags":[],"class_list":["post-171168","post","type-post","status-publish","format-standard","has-post-thumbnail","hentry","category-geral"],"_links":{"self":[{"href":"https:\/\/www.caririemacao.com\/1\/wp-json\/wp\/v2\/posts\/171168","targetHints":{"allow":["GET"]}}],"collection":[{"href":"https:\/\/www.caririemacao.com\/1\/wp-json\/wp\/v2\/posts"}],"about":[{"href":"https:\/\/www.caririemacao.com\/1\/wp-json\/wp\/v2\/types\/post"}],"author":[{"embeddable":true,"href":"https:\/\/www.caririemacao.com\/1\/wp-json\/wp\/v2\/users\/2"}],"replies":[{"embeddable":true,"href":"https:\/\/www.caririemacao.com\/1\/wp-json\/wp\/v2\/comments?post=171168"}],"version-history":[{"count":1,"href":"https:\/\/www.caririemacao.com\/1\/wp-json\/wp\/v2\/posts\/171168\/revisions"}],"predecessor-version":[{"id":171170,"href":"https:\/\/www.caririemacao.com\/1\/wp-json\/wp\/v2\/posts\/171168\/revisions\/171170"}],"wp:featuredmedia":[{"embeddable":true,"href":"https:\/\/www.caririemacao.com\/1\/wp-json\/wp\/v2\/media\/171169"}],"wp:attachment":[{"href":"https:\/\/www.caririemacao.com\/1\/wp-json\/wp\/v2\/media?parent=171168"}],"wp:term":[{"taxonomy":"category","embeddable":true,"href":"https:\/\/www.caririemacao.com\/1\/wp-json\/wp\/v2\/categories?post=171168"},{"taxonomy":"post_tag","embeddable":true,"href":"https:\/\/www.caririemacao.com\/1\/wp-json\/wp\/v2\/tags?post=171168"}],"curies":[{"name":"wp","href":"https:\/\/api.w.org\/{rel}","templated":true}]}}