{"id":171176,"date":"2020-05-24T11:52:50","date_gmt":"2020-05-24T14:52:50","guid":{"rendered":"https:\/\/www.caririemacao.com\/1\/?p=171176"},"modified":"2020-05-24T11:52:50","modified_gmt":"2020-05-24T14:52:50","slug":"policia-militar-prende-acusado-de-trafico-de-drogas-apos-troca-de-tiros","status":"publish","type":"post","link":"https:\/\/www.caririemacao.com\/1\/2020\/05\/24\/policia-militar-prende-acusado-de-trafico-de-drogas-apos-troca-de-tiros\/","title":{"rendered":"Pol\u00edcia Militar prende acusado de tr\u00e1fico de drogas ap\u00f3s troca de tiros"},"content":{"rendered":"\n<p>Por volta das 22h20min do s\u00e1bado (23), o COPOM recebeu uma liga\u00e7\u00e3o sobre uma den\u00fancia de que um indiv\u00edduo de 30 anos de idade, estaria em uma resid\u00eancia na vilinha do a\u00e7ude, localizada na cidade de Monteiro-PB, fazendo o uso de drogas il\u00edcitas e bebidas alco\u00f3licas juntamente a menores de idade.<\/p>\n\n\n\n<p>A Pol\u00edcia Militar foi at\u00e9 a resid\u00eancia informada, e realizou um cerco no local, ao ser chamado pela porta, o acusado correu para a parte de tr\u00e1s da casa, saltando o muro, e subiu para cima dos telhados das casas vizinhas, o mesmo estava com uma arma de fogo e apontou para os policiais, houve disparos, a Pol\u00edcia conseguiu capturar o acusado e apreender duas muni\u00e7\u00f5es de calibre .38, 30 pedrinhas de substancia semelhante a crack, 40 gramas de pedra semelhante a crack, 7 por\u00e7\u00f5es envolvidas em pl\u00e1stico semelhante a coca\u00edna e 48 gramas de substancia semelhante a coca\u00edna. Na a\u00e7\u00e3o ningu\u00e9m ficou ferido, durante a pris\u00e3o do acusado, a arma n\u00e3o foi localizada, o mesmo alegou ter largado a a mesma durante a tentativa de fuga sem \u00eaxito, durante o ocorrido alguns telhados de resid\u00eancias ficaram danificados pelo acusado.<\/p>\n\n\n\n<p>Os policiais do 11\u00ba Batalh\u00e3o conduziram o meliante juntamente e com o material apreendido, para a Delegacia de Pol\u00edcia Civil de Monteiro.<\/p>\n\n\n\n<p><em>P\/5<\/em><br>Se\u00e7\u00e3o de Comunica\u00e7\u00e3o Social e Marketing Institucional &#8211; 11\u00ba BPM<\/p>\n","protected":false},"excerpt":{"rendered":"<p>Por volta das 22h20min do s\u00e1bado (23), o COPOM recebeu uma liga\u00e7\u00e3o sobre uma den\u00fancia de que um indiv\u00edduo de 30 anos de idade, estaria&hellip; <\/p>\n","protected":false},"author":1,"featured_media":171177,"comment_status":"closed","ping_status":"closed","sticky":false,"template":"","format":"standard","meta":{"sfsi_plus_gutenberg_text_before_share":"","sfsi_plus_gutenberg_show_text_before_share":"","sfsi_plus_gutenberg_icon_type":"","sfsi_plus_gutenberg_icon_alignemt":"","sfsi_plus_gutenburg_max_per_row":"","footnotes":""},"categories":[1],"tags":[],"class_list":["post-171176","post","type-post","status-publish","format-standard","has-post-thumbnail","hentry","category-o-site"],"_links":{"self":[{"href":"https:\/\/www.caririemacao.com\/1\/wp-json\/wp\/v2\/posts\/171176","targetHints":{"allow":["GET"]}}],"collection":[{"href":"https:\/\/www.caririemacao.com\/1\/wp-json\/wp\/v2\/posts"}],"about":[{"href":"https:\/\/www.caririemacao.com\/1\/wp-json\/wp\/v2\/types\/post"}],"author":[{"embeddable":true,"href":"https:\/\/www.caririemacao.com\/1\/wp-json\/wp\/v2\/users\/1"}],"replies":[{"embeddable":true,"href":"https:\/\/www.caririemacao.com\/1\/wp-json\/wp\/v2\/comments?post=171176"}],"version-history":[{"count":1,"href":"https:\/\/www.caririemacao.com\/1\/wp-json\/wp\/v2\/posts\/171176\/revisions"}],"predecessor-version":[{"id":171178,"href":"https:\/\/www.caririemacao.com\/1\/wp-json\/wp\/v2\/posts\/171176\/revisions\/171178"}],"wp:featuredmedia":[{"embeddable":true,"href":"https:\/\/www.caririemacao.com\/1\/wp-json\/wp\/v2\/media\/171177"}],"wp:attachment":[{"href":"https:\/\/www.caririemacao.com\/1\/wp-json\/wp\/v2\/media?parent=171176"}],"wp:term":[{"taxonomy":"category","embeddable":true,"href":"https:\/\/www.caririemacao.com\/1\/wp-json\/wp\/v2\/categories?post=171176"},{"taxonomy":"post_tag","embeddable":true,"href":"https:\/\/www.caririemacao.com\/1\/wp-json\/wp\/v2\/tags?post=171176"}],"curies":[{"name":"wp","href":"https:\/\/api.w.org\/{rel}","templated":true}]}}