{"id":171179,"date":"2020-05-24T14:26:26","date_gmt":"2020-05-24T17:26:26","guid":{"rendered":"https:\/\/www.caririemacao.com\/1\/?p=171179"},"modified":"2020-05-24T14:26:26","modified_gmt":"2020-05-24T17:26:26","slug":"policia-militar-prende-acusado-de-roubar-celular-em-monteiro","status":"publish","type":"post","link":"https:\/\/www.caririemacao.com\/1\/2020\/05\/24\/policia-militar-prende-acusado-de-roubar-celular-em-monteiro\/","title":{"rendered":"Pol\u00edcia Militar prende acusado de roubar  celular em Monteiro"},"content":{"rendered":"\n<p>Os policiais do 11\u00ba Batalh\u00e3o prenderam em flagrante um acusado de subtrair um celular de um transeunte, na noite des s\u00e1bado (23), na cidade de Monteiro-PB. O autor do crime foi localizado na Rua Francisco da Silva, pr\u00f3ximo \u00e0 Rua do Boj\u00e3o na cidade de Monteiro, em menos de meia hora ap\u00f3s o crime. Com ele, foi recuperado o celular ao qual foi levado na a\u00e7\u00e3o criminosa, pertencente a v\u00edtima de 43 anos de idade.<\/p>\n\n\n\n<p>A guarni\u00e7\u00e3o da Pol\u00edcia Militar saiu em dilig\u00eancia e localizou rapidamente o acusado que tem 20 anos de idade. No momento da pris\u00e3o o mesmo reagiu, por\u00e9m, foi contido pelos policiais que recuperaram o celular e conduziram o mesmo para a Delegacia de Pol\u00edcia Civil da Monteiro.<\/p>\n\n\n\n<p><em>P\/5<\/em><br>Se\u00e7\u00e3o de Comunica\u00e7\u00e3o Social e Marketing Institucional &#8211; 11\u00ba BPM<\/p>\n","protected":false},"excerpt":{"rendered":"<p>Os policiais do 11\u00ba Batalh\u00e3o prenderam em flagrante um acusado de subtrair um celular de um transeunte, na noite des s\u00e1bado (23), na cidade de&hellip; <\/p>\n","protected":false},"author":1,"featured_media":171180,"comment_status":"closed","ping_status":"closed","sticky":false,"template":"","format":"standard","meta":{"sfsi_plus_gutenberg_text_before_share":"","sfsi_plus_gutenberg_show_text_before_share":"","sfsi_plus_gutenberg_icon_type":"","sfsi_plus_gutenberg_icon_alignemt":"","sfsi_plus_gutenburg_max_per_row":"","footnotes":""},"categories":[1],"tags":[],"class_list":["post-171179","post","type-post","status-publish","format-standard","has-post-thumbnail","hentry","category-o-site"],"_links":{"self":[{"href":"https:\/\/www.caririemacao.com\/1\/wp-json\/wp\/v2\/posts\/171179","targetHints":{"allow":["GET"]}}],"collection":[{"href":"https:\/\/www.caririemacao.com\/1\/wp-json\/wp\/v2\/posts"}],"about":[{"href":"https:\/\/www.caririemacao.com\/1\/wp-json\/wp\/v2\/types\/post"}],"author":[{"embeddable":true,"href":"https:\/\/www.caririemacao.com\/1\/wp-json\/wp\/v2\/users\/1"}],"replies":[{"embeddable":true,"href":"https:\/\/www.caririemacao.com\/1\/wp-json\/wp\/v2\/comments?post=171179"}],"version-history":[{"count":1,"href":"https:\/\/www.caririemacao.com\/1\/wp-json\/wp\/v2\/posts\/171179\/revisions"}],"predecessor-version":[{"id":171181,"href":"https:\/\/www.caririemacao.com\/1\/wp-json\/wp\/v2\/posts\/171179\/revisions\/171181"}],"wp:featuredmedia":[{"embeddable":true,"href":"https:\/\/www.caririemacao.com\/1\/wp-json\/wp\/v2\/media\/171180"}],"wp:attachment":[{"href":"https:\/\/www.caririemacao.com\/1\/wp-json\/wp\/v2\/media?parent=171179"}],"wp:term":[{"taxonomy":"category","embeddable":true,"href":"https:\/\/www.caririemacao.com\/1\/wp-json\/wp\/v2\/categories?post=171179"},{"taxonomy":"post_tag","embeddable":true,"href":"https:\/\/www.caririemacao.com\/1\/wp-json\/wp\/v2\/tags?post=171179"}],"curies":[{"name":"wp","href":"https:\/\/api.w.org\/{rel}","templated":true}]}}