{"id":171182,"date":"2020-05-24T14:59:32","date_gmt":"2020-05-24T17:59:32","guid":{"rendered":"https:\/\/www.caririemacao.com\/1\/?p=171182"},"modified":"2020-05-24T14:59:32","modified_gmt":"2020-05-24T17:59:32","slug":"policia-militar-recupera-moto-que-circulava-irregular-em-monteiro","status":"publish","type":"post","link":"https:\/\/www.caririemacao.com\/1\/2020\/05\/24\/policia-militar-recupera-moto-que-circulava-irregular-em-monteiro\/","title":{"rendered":"Pol\u00edcia Militar recupera moto que circulava irregular em Monteiro"},"content":{"rendered":"\n<p>Por volta das 00h15min do domingo (24), a guarni\u00e7\u00e3o da Pol\u00edcia Militar que realizava rondas na Rua do Matadouro, se deparou com um indiv\u00edduo conduzindo uma motocicleta.<\/p>\n\n\n\n<p>Durante a revista, nada de il\u00edcito foi encontrado com condutor de 27 anos de idade, por\u00e9m, ao averiguar a motocicleta Honda CG 150 FAN, ano 2013, cor preta, foi constatado que os n\u00fameros do motor e os n\u00fameros do chassi estavam adulterados. O acusado e a moto forma conduzidos para a Delegacia de Pol\u00edcia Civil de Monteiro.<\/p>\n\n\n\n<p><em>P\/5<\/em><br>Se\u00e7\u00e3o de Comunica\u00e7\u00e3o Social e Marketing Institucional &#8211; 11\u00ba BPM<\/p>\n","protected":false},"excerpt":{"rendered":"<p>Por volta das 00h15min do domingo (24), a guarni\u00e7\u00e3o da Pol\u00edcia Militar que realizava rondas na Rua do Matadouro, se deparou com um indiv\u00edduo conduzindo&hellip; <\/p>\n","protected":false},"author":1,"featured_media":171183,"comment_status":"closed","ping_status":"closed","sticky":false,"template":"","format":"standard","meta":{"sfsi_plus_gutenberg_text_before_share":"","sfsi_plus_gutenberg_show_text_before_share":"","sfsi_plus_gutenberg_icon_type":"","sfsi_plus_gutenberg_icon_alignemt":"","sfsi_plus_gutenburg_max_per_row":"","footnotes":""},"categories":[1],"tags":[],"class_list":["post-171182","post","type-post","status-publish","format-standard","has-post-thumbnail","hentry","category-o-site"],"_links":{"self":[{"href":"https:\/\/www.caririemacao.com\/1\/wp-json\/wp\/v2\/posts\/171182","targetHints":{"allow":["GET"]}}],"collection":[{"href":"https:\/\/www.caririemacao.com\/1\/wp-json\/wp\/v2\/posts"}],"about":[{"href":"https:\/\/www.caririemacao.com\/1\/wp-json\/wp\/v2\/types\/post"}],"author":[{"embeddable":true,"href":"https:\/\/www.caririemacao.com\/1\/wp-json\/wp\/v2\/users\/1"}],"replies":[{"embeddable":true,"href":"https:\/\/www.caririemacao.com\/1\/wp-json\/wp\/v2\/comments?post=171182"}],"version-history":[{"count":1,"href":"https:\/\/www.caririemacao.com\/1\/wp-json\/wp\/v2\/posts\/171182\/revisions"}],"predecessor-version":[{"id":171184,"href":"https:\/\/www.caririemacao.com\/1\/wp-json\/wp\/v2\/posts\/171182\/revisions\/171184"}],"wp:featuredmedia":[{"embeddable":true,"href":"https:\/\/www.caririemacao.com\/1\/wp-json\/wp\/v2\/media\/171183"}],"wp:attachment":[{"href":"https:\/\/www.caririemacao.com\/1\/wp-json\/wp\/v2\/media?parent=171182"}],"wp:term":[{"taxonomy":"category","embeddable":true,"href":"https:\/\/www.caririemacao.com\/1\/wp-json\/wp\/v2\/categories?post=171182"},{"taxonomy":"post_tag","embeddable":true,"href":"https:\/\/www.caririemacao.com\/1\/wp-json\/wp\/v2\/tags?post=171182"}],"curies":[{"name":"wp","href":"https:\/\/api.w.org\/{rel}","templated":true}]}}