{"id":171185,"date":"2020-05-25T06:03:17","date_gmt":"2020-05-25T09:03:17","guid":{"rendered":"https:\/\/www.caririemacao.com\/1\/?p=171185"},"modified":"2020-05-25T06:03:17","modified_gmt":"2020-05-25T09:03:17","slug":"correios-serao-opcao-para-fazer-cadastro-para-auxilio-emergencial","status":"publish","type":"post","link":"https:\/\/www.caririemacao.com\/1\/2020\/05\/25\/correios-serao-opcao-para-fazer-cadastro-para-auxilio-emergencial\/","title":{"rendered":"Correios ser\u00e3o op\u00e7\u00e3o para fazer cadastro para aux\u00edlio emergencial"},"content":{"rendered":"\n<p>A partir de junho, as ag\u00eancias dos Correios ser\u00e3o uma op\u00e7\u00e3o para quem quer fazer o cadastro para receber o&nbsp;aux\u00edlio emergencial do governo, benef\u00edcio de&nbsp;R$ 600 mensais (R$ 1,2 mil para m\u00e3es solteiras) pago a trabalhadores informais, microempreendedores individuais, aut\u00f4nomos e desempregados&nbsp;para amenizar os impactos do isolamento social adotado devido \u00e0 pandemia do novo coronav\u00edrus.<\/p>\n\n\n\n<p>At\u00e9 este s\u00e1bado (23), a&nbsp;Caixa Econ\u00f4mica Federal&nbsp;pagou R$ 60 bilh\u00f5es&nbsp;de aux\u00edlio emergencial, somadas as primeiras e segunda parcelas. No total, 55,1 milh\u00f5es de pessoas receberam a primeira parcela, enquanto a segunda parcela alcan\u00e7ou 30,4 milh\u00f5es.<\/p>\n\n\n\n<p>Nota divulgada pelos Correios esclarece que o&nbsp;in\u00edcio da presta\u00e7\u00e3o de apoio das ag\u00eancias postais neste&nbsp;cadastramento ser\u00e1 em junho, mas ainda n\u00e3o tem data definida.<\/p>\n\n\n\n<p>Conforme a nota, \u201cas ag\u00eancias est\u00e3o, nesse momento, em processo de adapta\u00e7\u00e3o dos sistemas para realiza\u00e7\u00e3o do servi\u00e7o.\u201d A estatal promete que \u201ca data de in\u00edcio do atendimento, as formas de acesso da popula\u00e7\u00e3o e demais procedimentos ser\u00e3o amplamente divulgados pelos canais oficiais da empresa.\u201d<\/p>\n","protected":false},"excerpt":{"rendered":"<p>A partir de junho, as ag\u00eancias dos Correios ser\u00e3o uma op\u00e7\u00e3o para quem quer fazer o cadastro para receber o&nbsp;aux\u00edlio emergencial do governo, benef\u00edcio de&nbsp;R$&hellip; <\/p>\n","protected":false},"author":2,"featured_media":168269,"comment_status":"closed","ping_status":"closed","sticky":false,"template":"","format":"standard","meta":{"sfsi_plus_gutenberg_text_before_share":"","sfsi_plus_gutenberg_show_text_before_share":"","sfsi_plus_gutenberg_icon_type":"","sfsi_plus_gutenberg_icon_alignemt":"","sfsi_plus_gutenburg_max_per_row":"","footnotes":""},"categories":[50,2],"tags":[],"class_list":["post-171185","post","type-post","status-publish","format-standard","has-post-thumbnail","hentry","category-destaque","category-geral"],"_links":{"self":[{"href":"https:\/\/www.caririemacao.com\/1\/wp-json\/wp\/v2\/posts\/171185","targetHints":{"allow":["GET"]}}],"collection":[{"href":"https:\/\/www.caririemacao.com\/1\/wp-json\/wp\/v2\/posts"}],"about":[{"href":"https:\/\/www.caririemacao.com\/1\/wp-json\/wp\/v2\/types\/post"}],"author":[{"embeddable":true,"href":"https:\/\/www.caririemacao.com\/1\/wp-json\/wp\/v2\/users\/2"}],"replies":[{"embeddable":true,"href":"https:\/\/www.caririemacao.com\/1\/wp-json\/wp\/v2\/comments?post=171185"}],"version-history":[{"count":1,"href":"https:\/\/www.caririemacao.com\/1\/wp-json\/wp\/v2\/posts\/171185\/revisions"}],"predecessor-version":[{"id":171186,"href":"https:\/\/www.caririemacao.com\/1\/wp-json\/wp\/v2\/posts\/171185\/revisions\/171186"}],"wp:featuredmedia":[{"embeddable":true,"href":"https:\/\/www.caririemacao.com\/1\/wp-json\/wp\/v2\/media\/168269"}],"wp:attachment":[{"href":"https:\/\/www.caririemacao.com\/1\/wp-json\/wp\/v2\/media?parent=171185"}],"wp:term":[{"taxonomy":"category","embeddable":true,"href":"https:\/\/www.caririemacao.com\/1\/wp-json\/wp\/v2\/categories?post=171185"},{"taxonomy":"post_tag","embeddable":true,"href":"https:\/\/www.caririemacao.com\/1\/wp-json\/wp\/v2\/tags?post=171185"}],"curies":[{"name":"wp","href":"https:\/\/api.w.org\/{rel}","templated":true}]}}