{"id":171188,"date":"2020-05-25T06:05:15","date_gmt":"2020-05-25T09:05:15","guid":{"rendered":"https:\/\/www.caririemacao.com\/1\/?p=171188"},"modified":"2020-05-25T06:05:15","modified_gmt":"2020-05-25T09:05:15","slug":"mulher-e-flagrada-tentando-entrar-com-celulares-na-cadeia-publica-de-monteiro","status":"publish","type":"post","link":"https:\/\/www.caririemacao.com\/1\/2020\/05\/25\/mulher-e-flagrada-tentando-entrar-com-celulares-na-cadeia-publica-de-monteiro\/","title":{"rendered":"Mulher \u00e9 flagrada tentando entrar com celulares na Cadeia P\u00fablica de Monteiro"},"content":{"rendered":"\n<p>Uma mulher foi detida na manh\u00e3 deste domingo (24) quando tentava entrar na Cadeia P\u00fablica de Monteiro com&nbsp;dois celulares escondidos dentro de pratos de pl\u00e1stico.<\/p>\n\n\n\n<p>Os policiais penais suspeitaram porque os pratos estavam pesados demais, e decidiram investigar. Foi a\u00ed que descobriram que celulares desmontados estavam na parte interna dos pratos que seriam entregues no interior da unidade prisional.<\/p>\n\n\n\n<p>O diretor da Cadeia, Alexandre Macedo, revelou que a mulher foi encaminhada para a Delegacia de Pol\u00edcia Civil, onde foram adotadas as devidas provid\u00eancias.<\/p>\n\n\n\n<p>A Pol\u00edcia Penal vem ganhando destaque na cidade de Monteiro por sua dedicada atua\u00e7\u00e3o.<\/p>\n\n\n\n<p><em>Cariri Ligado<\/em><\/p>\n","protected":false},"excerpt":{"rendered":"<p>Uma mulher foi detida na manh\u00e3 deste domingo (24) quando tentava entrar na Cadeia P\u00fablica de Monteiro com&nbsp;dois celulares escondidos dentro de pratos de pl\u00e1stico.&hellip; <\/p>\n","protected":false},"author":2,"featured_media":171189,"comment_status":"closed","ping_status":"closed","sticky":false,"template":"","format":"standard","meta":{"sfsi_plus_gutenberg_text_before_share":"","sfsi_plus_gutenberg_show_text_before_share":"","sfsi_plus_gutenberg_icon_type":"","sfsi_plus_gutenberg_icon_alignemt":"","sfsi_plus_gutenburg_max_per_row":"","footnotes":""},"categories":[50,12],"tags":[],"class_list":["post-171188","post","type-post","status-publish","format-standard","has-post-thumbnail","hentry","category-destaque","category-policia"],"_links":{"self":[{"href":"https:\/\/www.caririemacao.com\/1\/wp-json\/wp\/v2\/posts\/171188","targetHints":{"allow":["GET"]}}],"collection":[{"href":"https:\/\/www.caririemacao.com\/1\/wp-json\/wp\/v2\/posts"}],"about":[{"href":"https:\/\/www.caririemacao.com\/1\/wp-json\/wp\/v2\/types\/post"}],"author":[{"embeddable":true,"href":"https:\/\/www.caririemacao.com\/1\/wp-json\/wp\/v2\/users\/2"}],"replies":[{"embeddable":true,"href":"https:\/\/www.caririemacao.com\/1\/wp-json\/wp\/v2\/comments?post=171188"}],"version-history":[{"count":1,"href":"https:\/\/www.caririemacao.com\/1\/wp-json\/wp\/v2\/posts\/171188\/revisions"}],"predecessor-version":[{"id":171190,"href":"https:\/\/www.caririemacao.com\/1\/wp-json\/wp\/v2\/posts\/171188\/revisions\/171190"}],"wp:featuredmedia":[{"embeddable":true,"href":"https:\/\/www.caririemacao.com\/1\/wp-json\/wp\/v2\/media\/171189"}],"wp:attachment":[{"href":"https:\/\/www.caririemacao.com\/1\/wp-json\/wp\/v2\/media?parent=171188"}],"wp:term":[{"taxonomy":"category","embeddable":true,"href":"https:\/\/www.caririemacao.com\/1\/wp-json\/wp\/v2\/categories?post=171188"},{"taxonomy":"post_tag","embeddable":true,"href":"https:\/\/www.caririemacao.com\/1\/wp-json\/wp\/v2\/tags?post=171188"}],"curies":[{"name":"wp","href":"https:\/\/api.w.org\/{rel}","templated":true}]}}