{"id":171192,"date":"2020-05-25T06:08:24","date_gmt":"2020-05-25T09:08:24","guid":{"rendered":"https:\/\/www.caririemacao.com\/1\/?p=171192"},"modified":"2020-05-25T06:08:24","modified_gmt":"2020-05-25T09:08:24","slug":"pratasaude-divulga-balanco-das-barreiras-sanitarias-contra-a-covid-19","status":"publish","type":"post","link":"https:\/\/www.caririemacao.com\/1\/2020\/05\/25\/pratasaude-divulga-balanco-das-barreiras-sanitarias-contra-a-covid-19\/","title":{"rendered":"Prata:Sa\u00fade divulga balan\u00e7o das barreiras sanit\u00e1rias contra a COVID-19"},"content":{"rendered":"\n<p><\/p>\n\n\n\n<p>Neste s\u00e1bado dia 23 de maio a Prefeitura Municipal de Prata, atrav\u00e9s da Secretaria Municipal de Sa\u00fade, divulgou balan\u00e7o da primeira semana de atua\u00e7\u00e3o das barreiras sanit\u00e1rias contra o coronav\u00edrus instaladas na cidade.De acordo com a vigil\u00e2ncia sanit\u00e1ria foram abordados 1.477 carros, 724 carros, 121 vans, 56 \u00f4nibus, outros 628, totalizando 3.006 abordagens, com o intuito de orienta\u00e7\u00f5es.<\/p>\n\n\n\n<p><br>O trabalho envolve informa\u00e7\u00e3o para orientar as pessoas sobre o risco do v\u00edrus e como se prevenir, al\u00e9m de equipamentos como term\u00f4metro a laser para verificar a temperatura dos que passam pela barreira, desinfec\u00e7\u00e3o de carros e motos.<br>Todos os profissionais participantes da a\u00e7\u00e3o usam EPI- Equipamentos de Prote\u00e7\u00e3o Individual para sua seguran\u00e7a, coletes de identifica\u00e7\u00e3o e todo material necess\u00e1rio para a opera\u00e7\u00e3o.<\/p>\n\n\n\n<p><br>A Secret\u00e1ria de Sa\u00fade do Munic\u00edpio de Prata Maria Aparecida fez um balan\u00e7o da primeira semana da opera\u00e7\u00e3o: S\u00e3o barreiras educativas que servem de orienta\u00e7\u00e3o para quem est\u00e1 chegando a nossa cidade ou para quem est\u00e1 somente de passagem. <\/p>\n\n\n\n<p>Aquelas pessoas que forem ficar na cidade j\u00e1 entra no bancos de dados da vigil\u00e2ncia sanit\u00e1ria e v\u00e3o ser monitoradas por quatorze dias, com recomenda\u00e7\u00e3o\u00a0 de isolamento, e se apresentarem sintomas devem procurar uma unidade b\u00e1sica de sa\u00fade, disse.<br>As barreiras sanit\u00e1rias tem a coordena\u00e7\u00e3o da Secretaria Municipal de Sa\u00fade, com o apoio da vigil\u00e2ncia sanit\u00e1ria.<\/p>\n\n\n\n<p><\/p>\n\n\n\n<figure class=\"wp-block-image\"><a href=\"https:\/\/1.bp.blogspot.com\/-BVDKyL54sS8\/XsnF-WFyUjI\/AAAAAAAAF-I\/oanyBzdfOQ08ZM7jQ-4Qx1JNBso9R2nFwCNcBGAsYHQ\/s1600\/1.jpg\"><img decoding=\"async\" data-src=\"https:\/\/1.bp.blogspot.com\/-BVDKyL54sS8\/XsnF-WFyUjI\/AAAAAAAAF-I\/oanyBzdfOQ08ZM7jQ-4Qx1JNBso9R2nFwCNcBGAsYHQ\/s280\/1.jpg\" alt=\"\" src=\"data:image\/svg+xml;base64,PHN2ZyB3aWR0aD0iMSIgaGVpZ2h0PSIxIiB4bWxucz0iaHR0cDovL3d3dy53My5vcmcvMjAwMC9zdmciPjwvc3ZnPg==\" class=\"lazyload\" \/><\/a><\/figure>\n\n\n\n<figure class=\"wp-block-image\"><a href=\"https:\/\/1.bp.blogspot.com\/-ukzEW3w97_Y\/XsnGE3wOvWI\/AAAAAAAAF-M\/VrydFEaSPBE5Ysjc72khpasuAA7zH_0MACNcBGAsYHQ\/s1600\/4.jpg\"><img decoding=\"async\" data-src=\"https:\/\/1.bp.blogspot.com\/-ukzEW3w97_Y\/XsnGE3wOvWI\/AAAAAAAAF-M\/VrydFEaSPBE5Ysjc72khpasuAA7zH_0MACNcBGAsYHQ\/s280\/4.jpg\" alt=\"\" src=\"data:image\/svg+xml;base64,PHN2ZyB3aWR0aD0iMSIgaGVpZ2h0PSIxIiB4bWxucz0iaHR0cDovL3d3dy53My5vcmcvMjAwMC9zdmciPjwvc3ZnPg==\" class=\"lazyload\" \/><\/a><\/figure>\n\n\n\n<p><\/p>\n\n\n\n<p>BLOG DO POETA TEIXEIRINHAPRATA-PB.<\/p>\n","protected":false},"excerpt":{"rendered":"<p>Neste s\u00e1bado dia 23 de maio a Prefeitura Municipal de Prata, atrav\u00e9s da Secretaria Municipal de Sa\u00fade, divulgou balan\u00e7o da primeira semana de atua\u00e7\u00e3o das&hellip; <\/p>\n","protected":false},"author":2,"featured_media":171193,"comment_status":"closed","ping_status":"closed","sticky":false,"template":"","format":"standard","meta":{"sfsi_plus_gutenberg_text_before_share":"","sfsi_plus_gutenberg_show_text_before_share":"","sfsi_plus_gutenberg_icon_type":"","sfsi_plus_gutenberg_icon_alignemt":"","sfsi_plus_gutenburg_max_per_row":"","footnotes":""},"categories":[6],"tags":[],"class_list":["post-171192","post","type-post","status-publish","format-standard","has-post-thumbnail","hentry","category-cidades"],"_links":{"self":[{"href":"https:\/\/www.caririemacao.com\/1\/wp-json\/wp\/v2\/posts\/171192","targetHints":{"allow":["GET"]}}],"collection":[{"href":"https:\/\/www.caririemacao.com\/1\/wp-json\/wp\/v2\/posts"}],"about":[{"href":"https:\/\/www.caririemacao.com\/1\/wp-json\/wp\/v2\/types\/post"}],"author":[{"embeddable":true,"href":"https:\/\/www.caririemacao.com\/1\/wp-json\/wp\/v2\/users\/2"}],"replies":[{"embeddable":true,"href":"https:\/\/www.caririemacao.com\/1\/wp-json\/wp\/v2\/comments?post=171192"}],"version-history":[{"count":1,"href":"https:\/\/www.caririemacao.com\/1\/wp-json\/wp\/v2\/posts\/171192\/revisions"}],"predecessor-version":[{"id":171194,"href":"https:\/\/www.caririemacao.com\/1\/wp-json\/wp\/v2\/posts\/171192\/revisions\/171194"}],"wp:featuredmedia":[{"embeddable":true,"href":"https:\/\/www.caririemacao.com\/1\/wp-json\/wp\/v2\/media\/171193"}],"wp:attachment":[{"href":"https:\/\/www.caririemacao.com\/1\/wp-json\/wp\/v2\/media?parent=171192"}],"wp:term":[{"taxonomy":"category","embeddable":true,"href":"https:\/\/www.caririemacao.com\/1\/wp-json\/wp\/v2\/categories?post=171192"},{"taxonomy":"post_tag","embeddable":true,"href":"https:\/\/www.caririemacao.com\/1\/wp-json\/wp\/v2\/tags?post=171192"}],"curies":[{"name":"wp","href":"https:\/\/api.w.org\/{rel}","templated":true}]}}