{"id":171196,"date":"2020-05-25T06:10:59","date_gmt":"2020-05-25T09:10:59","guid":{"rendered":"https:\/\/www.caririemacao.com\/1\/?p=171196"},"modified":"2020-05-25T06:10:59","modified_gmt":"2020-05-25T09:10:59","slug":"paraiba-atinge-total-de-7-823-infectados-e-272-mortes-por-covid-19","status":"publish","type":"post","link":"https:\/\/www.caririemacao.com\/1\/2020\/05\/25\/paraiba-atinge-total-de-7-823-infectados-e-272-mortes-por-covid-19\/","title":{"rendered":"Para\u00edba atinge total de 7.823 infectados e 272 mortes por covid-19"},"content":{"rendered":"\n<p>A Secretaria de Sa\u00fade registrou um total de 272 mortes por covid-19 na Para\u00edba neste domingo (24). O boletim epidemiol\u00f3gico divulgado nesta tarde tamb\u00e9m registrou 7.823 casos confirmados, 2.208 recuperados e 7.178 casos descartados.<\/p>\n\n\n\n<ul class=\"wp-block-list\"><li>Casos Confirmados:&nbsp; 7.823<\/li><li>Casos Descartados: 7.178<\/li><li>\u00d3bitos confirmados: 272<\/li><li>Casos recuperados: 2.208<\/li><\/ul>\n\n\n\n<p>A ocupa\u00e7\u00e3o de leitos de UTI em todo o estado \u00e9 de 74%. Se fizermos um recorte apenas dos leitos de UTI para adultos na Regi\u00e3o Metropolitana de Jo\u00e3o Pessoa, 89% est\u00e3o ocupados. Apenas 48,6% da popula\u00e7\u00e3o seguiu a recomenda\u00e7\u00e3o de Isolamento Social.&nbsp;<\/p>\n\n\n\n<p>Os casos confirmados est\u00e3o em&nbsp; 178 dos 223 munic\u00edpios paraibanos:<\/p>\n\n\n\n<p>\u00c1gua Branca (1); Aguiar (1); Alagoa Grande (37); Alagoa Nova (9); Alagoinha (48); Alhandra (78); Amparo (11); Aparecida (1); Ara\u00e7agi (29); Arara (6); Araruna (3); Areia (36); Areial (7); Aroeiras (13); Baia da Trai\u00e7\u00e3o (29); Bananeiras (15); Barra de Santa Rosa (1); Barra de Santana (9); Barra de S\u00e3o Miguel (1); Bayeux (191); Bel\u00e9m (13); Bel\u00e9m do Brejo do Cruz (1); Boa Vista (5); Bom Jesus (1); Boqueir\u00e3o (6); Borborema (1);&nbsp; Brejo do Cruz (4); Caapor\u00e3 (219); Cabaceiras (2); Cabedelo (288); Cachoeira dos \u00cdndios (3); Cacimba de Dentro (11); Cacimbas (2); Cai\u00e7ara (18); Cajazeiras (44); Cajazeirinhas (1); Caldas Brand\u00e3o (7); Campina Grande (817); Capim (22);&nbsp; Carrapateira (1); Casserengue (2); Catingueira (2), Catol\u00e9 do Rocha (16); Caturit\u00e9 (4); Concei\u00e7\u00e3o (2);&nbsp; Condado (40);&nbsp; Conde (62); Congo (11); Coremas (13); Coxixola (4); Cruz do Esp\u00edrito Santo (86); Cuit\u00e9 (8);&nbsp; Cuit\u00e9 de Mamanguape (3); Cuiteg\u00ed (44); Curral de Cima (3); Dami\u00e3o (1); Desterro (2); Dona In\u00eas (1); Duas Estradas (12); Emas (1); Esperan\u00e7a (40); Fagundes (3); Gado Bravo (13);&nbsp; Guarabira (360); Gurinh\u00e9m (23); Gurj\u00e3o (3); Ibiara (2); Igaracy (4); Imaculada (5); Ing\u00e1 (19); Itabaiana (78); Itaporanga (4); Itapororoca (22); Itatuba (27); Jacara\u00fa (7); Jeric\u00f3 (1);&nbsp; Jo\u00e3o Pessoa (2612); Joca Claudino (1); Juarez T\u00e1vora (12); Juazeirinho (40);&nbsp; Junco do Serid\u00f3 (5); Juripiranga (46); Juru (2); Lagoa (3); Lagoa de Dentro (4); Lagoa Seca (25); Lastro (1); Logradouro (7); Lucena (40); M\u00e3e d&#8217;\u00c1gua (2); Malta (7); Mamanguape (48); Mana\u00edra (1); Mari (65); Mariz\u00f3polis (4); Massaranduba (15); Mataraca (14); Matinhas (5); Mato Grosso (3); Matureia (7); Mogeiro (1);&nbsp; Montadas (3); Monteiro (18); Mulungu (12); Natuba (7); Nova Floresta (1), Nova Olinda (1); Olho D\u00b4\u00c1gua (1); Ouro Velho (1); Passagem (3); Patos (374); Paulista (8); Pedras de Fogo (128); Pianc\u00f3 (12); Picu\u00ed (4); Pilar (24); Pil\u00f5es (5); Pil\u00f5ezinhos (25); Pirpirituba (10); Pitimbu (67); Pocinhos (3);&nbsp; Pombal (20); Princesa Isabel (5); Puxinan\u00e3 (12);&nbsp; Queimadas (29); Quixaba (5); Rem\u00edgio (28); Riach\u00e3o do Bacamarte (49);&nbsp; Riach\u00e3o do Po\u00e7o (1); Riacho de Santo Ant\u00f4nio (3); Riacho dos Cavalos (2); Rio Tinto (26); Salgadinho (1); Salgado de S\u00e3o Felix (13); Santa Cec\u00edlia (1); Santa Helena (1); Santa Luzia (26); Santa Rita (430); Santa Terezinha (5); Santana dos Garrotes (1); S\u00e3o Bentinho (4); S\u00e3o Bento (52); S\u00e3o Francisco (2);&nbsp; S\u00e3o Jo\u00e3o do Cariri (1); S\u00e3o Jo\u00e3o do Rio do Peixe (6); S\u00e3o Jo\u00e3o do Tigre (1); S\u00e3o Jos\u00e9 da Lagoa Tapada (13); S\u00e3o Jos\u00e9 de Caiana (9); S\u00e3o Jos\u00e9 de Espinharas (2); S\u00e3o Jos\u00e9 de Piranhas (4); S\u00e3o Jos\u00e9 do Bonfim (6); S\u00e3o Jos\u00e9 do Sabugi (44); S\u00e3o Jos\u00e9 dos Cordeiros (3); S\u00e3o Jos\u00e9 dos Ramos (4); S\u00e3o Mamede (7); S\u00e3o Miguel de Taipu (12);&nbsp; S\u00e3o Sebasti\u00e3o de Lagoa de Ro\u00e7a (9); S\u00e3o Vicente do Serid\u00f3 (8); Sap\u00e9 (126); Serra Branca (2); Serra da Ra\u00edz (7); Serra Redonda (13); Serraria (5); Sert\u00e3ozinho (6); Sobrado (9); Sol\u00e2nea (26);&nbsp; Soledade (4); Sousa (100); Sum\u00e9 (6); Tacima (9); Tapero\u00e1 (26); Tavares (5); Teixeira (12);&nbsp; Uira\u00fana (4); Umbuzeiro (17); V\u00e1rzea (1); Vieir\u00f3polis (2); Vista Serrana (1).<\/p>\n\n\n\n<p>*Dados Oficiais (fonte e-sus VE e SIVEP) extra\u00eddos \u00e0s 10h do dia 24\/05.<\/p>\n\n\n\n<p>14 \u00f3bitos foram confirmados neste domingo:<\/p>\n\n\n\n<p>Homem, 83 anos, sem comorbidade, residente em Cajazeiras. In\u00edcio dos sintomas 09\/05, interno em hospital p\u00fablico, veio a \u00f3bito no dia 22\/05.<\/p>\n\n\n\n<p>Mulher, 95 anos, portadora de hipertens\u00e3o, doen\u00e7a respirat\u00f3ria, residente em Jo\u00e3o Pessoa. In\u00edcio dos sintomas 11\/05, interna em hospital p\u00fablico, veio a \u00f3bito no dia 20\/05.<\/p>\n\n\n\n<p>Mulher, 37 anos, sem informa\u00e7\u00e3o de comorbidade, residente em Santa Rita. In\u00edcio dos sintomas 09\/05, interna em hospital p\u00fablico, veio a \u00f3bito no dia 16\/05.<\/p>\n\n\n\n<p>Mulher, 71 anos, portadora de asma, cardiopatia, insufici\u00eancia renal, residente em Santa Rita. In\u00edcio dos sintomas 01\/05, interna em hospital p\u00fablico, veio a \u00f3bito no dia 21\/05.<\/p>\n\n\n\n<p>Homem, 86 anos, sem informa\u00e7\u00e3o de comorbidade, residente em Bayeux. In\u00edcio dos sintomas 07\/05, interno em hospital p\u00fablico, veio a \u00f3bito no dia 10\/05.<\/p>\n\n\n\n<p>Homem, idoso, 64 anos, com comorbidade, diab\u00e9tico, residente em Caapor\u00e3. In\u00edcio dos sintomas 07\/05, interno em hospital p\u00fablico, veio a \u00f3bito no dia 20\/05.<\/p>\n\n\n\n<p>Mulher, 76 anos, portadora de doen\u00e7a cardiovascular, obesidade, residente em Ba\u00eda da Trai\u00e7\u00e3o. In\u00edcio dos sintomas 11\/05, interna em hospital p\u00fablico, veio a \u00f3bito no dia 23\/05.<\/p>\n\n\n\n<p>Homem, 63 anos, portador de insufici\u00eancia renal cr\u00f4nica, doen\u00e7a cardiovascular cr\u00f4nica, doen\u00e7a neurol\u00f3gica cr\u00f4nica, residente em Pedras de Fogo. In\u00edcio dos sintomas 05\/05, interno em hospital p\u00fablico, veio a \u00f3bito no dia 22\/05.<\/p>\n\n\n\n<p>Mulher, 39 anos, sem informa\u00e7\u00e3o de comorbidade, residente em Jo\u00e3o Pessoa. In\u00edcio dos sintomas 01\/05, interna em hospital p\u00fablico, veio a \u00f3bito no dia 22\/05.<\/p>\n\n\n\n<p>Homem, 72 anos, sem informa\u00e7\u00e3o de comorbidade, residente em Jo\u00e3o Pessoa. In\u00edcio dos sintomas 10\/05, interno em hospital p\u00fablico, veio a \u00f3bito no dia 14\/05.<\/p>\n\n\n\n<p>Mulher, 24 anos, gestante sem comorbidade, residente em Santa Rita. In\u00edcio dos sintomas 02\/05, interna em hospital p\u00fablico, veio a \u00f3bito no dia 23\/05.<\/p>\n\n\n\n<p>Homem, 57 anos, hipertenso, diab\u00e9tico, residente em Jo\u00e3o Pessoa. In\u00edcio dos sintomas 10\/05, interno em hospital p\u00fablico, veio a \u00f3bito no dia 23\/05.<\/p>\n\n\n\n<p>Homem, 69 anos, cardiopata, obeso, residente em Patos. In\u00edcio dos sintomas 02\/05, interno em hospital privado, veio a \u00f3bito no dia 24\/05.<\/p>\n\n\n\n<p>Homem, 43 anos, hiperteno, diab\u00e9tico, residente em Jo\u00e3o Pessoa. In\u00edcio dos sintomas 17\/05, interno em hospital p\u00fablico, veio a \u00f3bito no dia 24\/05.<\/p>\n","protected":false},"excerpt":{"rendered":"<p>A Secretaria de Sa\u00fade registrou um total de 272 mortes por covid-19 na Para\u00edba neste domingo (24). O boletim epidemiol\u00f3gico divulgado nesta tarde tamb\u00e9m registrou&hellip; <\/p>\n","protected":false},"author":2,"featured_media":170281,"comment_status":"closed","ping_status":"closed","sticky":false,"template":"","format":"standard","meta":{"sfsi_plus_gutenberg_text_before_share":"","sfsi_plus_gutenberg_show_text_before_share":"","sfsi_plus_gutenberg_icon_type":"","sfsi_plus_gutenberg_icon_alignemt":"","sfsi_plus_gutenburg_max_per_row":"","footnotes":""},"categories":[16],"tags":[],"class_list":["post-171196","post","type-post","status-publish","format-standard","has-post-thumbnail","hentry","category-saude"],"_links":{"self":[{"href":"https:\/\/www.caririemacao.com\/1\/wp-json\/wp\/v2\/posts\/171196","targetHints":{"allow":["GET"]}}],"collection":[{"href":"https:\/\/www.caririemacao.com\/1\/wp-json\/wp\/v2\/posts"}],"about":[{"href":"https:\/\/www.caririemacao.com\/1\/wp-json\/wp\/v2\/types\/post"}],"author":[{"embeddable":true,"href":"https:\/\/www.caririemacao.com\/1\/wp-json\/wp\/v2\/users\/2"}],"replies":[{"embeddable":true,"href":"https:\/\/www.caririemacao.com\/1\/wp-json\/wp\/v2\/comments?post=171196"}],"version-history":[{"count":1,"href":"https:\/\/www.caririemacao.com\/1\/wp-json\/wp\/v2\/posts\/171196\/revisions"}],"predecessor-version":[{"id":171197,"href":"https:\/\/www.caririemacao.com\/1\/wp-json\/wp\/v2\/posts\/171196\/revisions\/171197"}],"wp:featuredmedia":[{"embeddable":true,"href":"https:\/\/www.caririemacao.com\/1\/wp-json\/wp\/v2\/media\/170281"}],"wp:attachment":[{"href":"https:\/\/www.caririemacao.com\/1\/wp-json\/wp\/v2\/media?parent=171196"}],"wp:term":[{"taxonomy":"category","embeddable":true,"href":"https:\/\/www.caririemacao.com\/1\/wp-json\/wp\/v2\/categories?post=171196"},{"taxonomy":"post_tag","embeddable":true,"href":"https:\/\/www.caririemacao.com\/1\/wp-json\/wp\/v2\/tags?post=171196"}],"curies":[{"name":"wp","href":"https:\/\/api.w.org\/{rel}","templated":true}]}}