{"id":171205,"date":"2020-05-25T06:22:22","date_gmt":"2020-05-25T09:22:22","guid":{"rendered":"https:\/\/www.caririemacao.com\/1\/?p=171205"},"modified":"2020-05-25T06:22:22","modified_gmt":"2020-05-25T09:22:22","slug":"governador-da-paraiba-comenta-reuniao-com-jair-bolsonaro-veja","status":"publish","type":"post","link":"https:\/\/www.caririemacao.com\/1\/2020\/05\/25\/governador-da-paraiba-comenta-reuniao-com-jair-bolsonaro-veja\/","title":{"rendered":"Governador da Para\u00edba comenta reuni\u00e3o com Jair Bolsonaro. Veja"},"content":{"rendered":"\n<p>O governador Jo\u00e3o Azevedo (Cidadania) fez uma avalia\u00e7\u00e3o positiva sobre a reuni\u00e3o da qual participou, quinta-feira \u00faltima, com o presidente Jair Bolsonaro, na companhia dos demais governadores.<\/p>\n\n\n\n<p>Para ele, o evento pode demarcar uma nova fase na conviv\u00eancia entre os n\u00edveis diferente de governo.<\/p>\n\n\n\n<p>Azevedo reiterou a necessidade da libera\u00e7\u00e3o imediata dos recursos emergenciais destinados aos estados e munic\u00edpios.<\/p>\n\n\n\n<p>Veja a entrevista:<\/p>\n\n\n\n<figure><iframe data-src=\"https:\/\/www.youtube.com\/embed\/HlHnb0y75tY?feature=oembed\" allowfullscreen=\"\" src=\"data:image\/svg+xml;base64,PHN2ZyB3aWR0aD0iMSIgaGVpZ2h0PSIxIiB4bWxucz0iaHR0cDovL3d3dy53My5vcmcvMjAwMC9zdmciPjwvc3ZnPg==\" class=\"lazyload\" data-load-mode=\"1\"><\/iframe><\/figure>\n","protected":false},"excerpt":{"rendered":"<p>O governador Jo\u00e3o Azevedo (Cidadania) fez uma avalia\u00e7\u00e3o positiva sobre a reuni\u00e3o da qual participou, quinta-feira \u00faltima, com o presidente Jair Bolsonaro, na companhia dos&hellip; <\/p>\n","protected":false},"author":2,"featured_media":168885,"comment_status":"closed","ping_status":"closed","sticky":false,"template":"","format":"standard","meta":{"sfsi_plus_gutenberg_text_before_share":"","sfsi_plus_gutenberg_show_text_before_share":"","sfsi_plus_gutenberg_icon_type":"","sfsi_plus_gutenberg_icon_alignemt":"","sfsi_plus_gutenburg_max_per_row":"","footnotes":""},"categories":[11],"tags":[],"class_list":["post-171205","post","type-post","status-publish","format-standard","has-post-thumbnail","hentry","category-politica"],"_links":{"self":[{"href":"https:\/\/www.caririemacao.com\/1\/wp-json\/wp\/v2\/posts\/171205","targetHints":{"allow":["GET"]}}],"collection":[{"href":"https:\/\/www.caririemacao.com\/1\/wp-json\/wp\/v2\/posts"}],"about":[{"href":"https:\/\/www.caririemacao.com\/1\/wp-json\/wp\/v2\/types\/post"}],"author":[{"embeddable":true,"href":"https:\/\/www.caririemacao.com\/1\/wp-json\/wp\/v2\/users\/2"}],"replies":[{"embeddable":true,"href":"https:\/\/www.caririemacao.com\/1\/wp-json\/wp\/v2\/comments?post=171205"}],"version-history":[{"count":1,"href":"https:\/\/www.caririemacao.com\/1\/wp-json\/wp\/v2\/posts\/171205\/revisions"}],"predecessor-version":[{"id":171206,"href":"https:\/\/www.caririemacao.com\/1\/wp-json\/wp\/v2\/posts\/171205\/revisions\/171206"}],"wp:featuredmedia":[{"embeddable":true,"href":"https:\/\/www.caririemacao.com\/1\/wp-json\/wp\/v2\/media\/168885"}],"wp:attachment":[{"href":"https:\/\/www.caririemacao.com\/1\/wp-json\/wp\/v2\/media?parent=171205"}],"wp:term":[{"taxonomy":"category","embeddable":true,"href":"https:\/\/www.caririemacao.com\/1\/wp-json\/wp\/v2\/categories?post=171205"},{"taxonomy":"post_tag","embeddable":true,"href":"https:\/\/www.caririemacao.com\/1\/wp-json\/wp\/v2\/tags?post=171205"}],"curies":[{"name":"wp","href":"https:\/\/api.w.org\/{rel}","templated":true}]}}