{"id":171208,"date":"2020-05-25T06:24:49","date_gmt":"2020-05-25T09:24:49","guid":{"rendered":"https:\/\/www.caririemacao.com\/1\/?p=171208"},"modified":"2020-05-25T06:24:49","modified_gmt":"2020-05-25T09:24:49","slug":"clubes-cariocas-definem-planejamento-para-volta-do-futebol","status":"publish","type":"post","link":"https:\/\/www.caririemacao.com\/1\/2020\/05\/25\/clubes-cariocas-definem-planejamento-para-volta-do-futebol\/","title":{"rendered":"Clubes cariocas definem planejamento para volta do futebol"},"content":{"rendered":"\n<p>Clubes da S\u00e9rie A do Estadual do Rio de Janeiro desenharam um planejamento inicial para que a competi\u00e7\u00e3o seja retomada no dia 14 de junho. O tema foi discutido com o prefeito Marcelo Crivella (Republicanos) em reuni\u00e3o na tarde deste domingo (24), no RioCentro.<\/p>\n\n\n\n<p>O encontro n\u00e3o contou com as presen\u00e7as de representantes de Botafogo e Fluminense, contr\u00e1rios \u00e0 volta das atividades neste momento.<\/p>\n\n\n\n<p>Flamengo e Vasco estiveram no debate, al\u00e9m de representantes da Federa\u00e7\u00e3o de Futebol do Rio de Janeiro (Ferj) e clubes de menor investimento. A informa\u00e7\u00e3o foi publicada, inicialmente, pelo jornal \u201cO Globo\u201d e confirmada pelo UOL Esporte.<\/p>\n\n\n\n<p>Os clubes conseguiram autoriza\u00e7\u00e3o para voltar aos treinos a partir de ter\u00e7a-feira (26). O rubro-negro, mesmo sem a libera\u00e7\u00e3o por parte da prefeitura, j\u00e1 vinha realizando atividades no Ninho do Urubu na \u00faltima semana, e o cruz-maltino realizou alguns tr\u00e2mites para tornar o retorno poss\u00edvel.<\/p>\n\n\n\n<p>No decorrer do dia, tanto Botafogo quanto Fluminense emitiram notas explicando as respectivas aus\u00eancias na reuni\u00e3o e criticando a movimenta\u00e7\u00e3o para a volta. Nelson Mufarrej, presidente do Botafogo, disse que pensar em retorno imediato \u00e9 \u201cdesconex\u00e3o com a realidade\u201d.<\/p>\n\n\n\n<p>\u201cReafirmamos n\u00e3o ser o momento para voltar a ter treinos presenciais. O futebol \u00e9 um instrumento de alt\u00edssimo impacto e repercuss\u00e3o social. Passar essa imagem de retorno imediato, no auge da crise, de mortes, com a curva ainda em ascens\u00e3o, \u00e9 estar em desconex\u00e3o com a realidade. Al\u00e9m de desumana \u00e9 insens\u00edvel do ponto de vista interno, com nossos atletas, comiss\u00e3o t\u00e9cnica, funcion\u00e1rios e seus familiares. Vai chegar a hora de voltarmos, mas n\u00e3o ser\u00e1 agora\u201d, afirmou.<\/p>\n\n\n\n<p>O clube tricolor, por sua vez, ressaltou que, mesmo sem p\u00fablico, os jogos podem causar aglomera\u00e7\u00f5es, algo que vai na contram\u00e3o do combate \u00e0 pandemia de coronav\u00edrus.<\/p>\n\n\n\n<p>\u201cNosso entendimento \u00e9 de que jogos sem p\u00fablico n\u00e3o impedem aglomera\u00e7\u00f5es. Se n\u00e3o forem ao est\u00e1dio, as pessoas se juntar\u00e3o em frente a televisores de bares, que insistem em permanecer abertos, sobretudo nas periferias, onde o isolamento social tem tido menor ades\u00e3o. O futebol, por movimentar paix\u00f5es, deve estar ciente de seu compromisso social e n\u00e3o alimentar ansiedades\u201d, diz trecho da nota.<\/p>\n","protected":false},"excerpt":{"rendered":"<p>Clubes da S\u00e9rie A do Estadual do Rio de Janeiro desenharam um planejamento inicial para que a competi\u00e7\u00e3o seja retomada no dia 14 de junho.&hellip; <\/p>\n","protected":false},"author":2,"featured_media":171209,"comment_status":"closed","ping_status":"closed","sticky":false,"template":"","format":"standard","meta":{"sfsi_plus_gutenberg_text_before_share":"","sfsi_plus_gutenberg_show_text_before_share":"","sfsi_plus_gutenberg_icon_type":"","sfsi_plus_gutenberg_icon_alignemt":"","sfsi_plus_gutenburg_max_per_row":"","footnotes":""},"categories":[13],"tags":[],"class_list":["post-171208","post","type-post","status-publish","format-standard","has-post-thumbnail","hentry","category-esportes"],"_links":{"self":[{"href":"https:\/\/www.caririemacao.com\/1\/wp-json\/wp\/v2\/posts\/171208","targetHints":{"allow":["GET"]}}],"collection":[{"href":"https:\/\/www.caririemacao.com\/1\/wp-json\/wp\/v2\/posts"}],"about":[{"href":"https:\/\/www.caririemacao.com\/1\/wp-json\/wp\/v2\/types\/post"}],"author":[{"embeddable":true,"href":"https:\/\/www.caririemacao.com\/1\/wp-json\/wp\/v2\/users\/2"}],"replies":[{"embeddable":true,"href":"https:\/\/www.caririemacao.com\/1\/wp-json\/wp\/v2\/comments?post=171208"}],"version-history":[{"count":1,"href":"https:\/\/www.caririemacao.com\/1\/wp-json\/wp\/v2\/posts\/171208\/revisions"}],"predecessor-version":[{"id":171210,"href":"https:\/\/www.caririemacao.com\/1\/wp-json\/wp\/v2\/posts\/171208\/revisions\/171210"}],"wp:featuredmedia":[{"embeddable":true,"href":"https:\/\/www.caririemacao.com\/1\/wp-json\/wp\/v2\/media\/171209"}],"wp:attachment":[{"href":"https:\/\/www.caririemacao.com\/1\/wp-json\/wp\/v2\/media?parent=171208"}],"wp:term":[{"taxonomy":"category","embeddable":true,"href":"https:\/\/www.caririemacao.com\/1\/wp-json\/wp\/v2\/categories?post=171208"},{"taxonomy":"post_tag","embeddable":true,"href":"https:\/\/www.caririemacao.com\/1\/wp-json\/wp\/v2\/tags?post=171208"}],"curies":[{"name":"wp","href":"https:\/\/api.w.org\/{rel}","templated":true}]}}