{"id":171212,"date":"2020-05-25T06:27:09","date_gmt":"2020-05-25T09:27:09","guid":{"rendered":"https:\/\/www.caririemacao.com\/1\/?p=171212"},"modified":"2020-05-25T06:27:09","modified_gmt":"2020-05-25T09:27:09","slug":"boletim-confirma-que-sao-sebastiao-do-umbuzeiro-continua-sem-casos-de-covid-19-gestao-reforca-que-recomendacoes-sejam-seguidas","status":"publish","type":"post","link":"https:\/\/www.caririemacao.com\/1\/2020\/05\/25\/boletim-confirma-que-sao-sebastiao-do-umbuzeiro-continua-sem-casos-de-covid-19-gestao-reforca-que-recomendacoes-sejam-seguidas\/","title":{"rendered":"Boletim confirma que S\u00e3o Sebasti\u00e3o do Umbuzeiro continua sem casos de COVID-19. Gest\u00e3o refor\u00e7a que recomenda\u00e7\u00f5es sejam seguidas"},"content":{"rendered":"\n<p>A prefeitura Municipal de S\u00e3o Sebasti\u00e3o do Umbuzeiro emitiu um boletim epidemiol\u00f3gico, relativo ao per\u00edodo de 19 a 23 de Maio, neste s\u00e1bado.<\/p>\n\n\n\n<p><br>Os n\u00fameros apontam que gra\u00e7as a Deus n\u00e3o h\u00e1 nenhum caso positivo registrado no munic\u00edpio.<br>04 casos j\u00e1 foram descartados e 06 continuam em investiga\u00e7\u00e3o.<\/p>\n\n\n\n<p><br>A gest\u00e3o municipal atrav\u00e9s da secretaria de sa\u00fade refor\u00e7am o cumprimento das medidas de isolamento social contidas nos decretos municipais, e principalmente o cumprimento da lei estadual que determina a obriga\u00e7\u00e3o do uso de m\u00e1scaras.<br>Se todos fizerem sua parte, e a gest\u00e3o continuar com o trabalho preventivo efetivo, o v\u00edrus continuar\u00e1 sem circular em S\u00e3o Sebasti\u00e3o do Umbuzeiro.<\/p>\n","protected":false},"excerpt":{"rendered":"<p>A prefeitura Municipal de S\u00e3o Sebasti\u00e3o do Umbuzeiro emitiu um boletim epidemiol\u00f3gico, relativo ao per\u00edodo de 19 a 23 de Maio, neste s\u00e1bado. Os n\u00fameros&hellip; <\/p>\n","protected":false},"author":2,"featured_media":171213,"comment_status":"closed","ping_status":"closed","sticky":false,"template":"","format":"standard","meta":{"sfsi_plus_gutenberg_text_before_share":"","sfsi_plus_gutenberg_show_text_before_share":"","sfsi_plus_gutenberg_icon_type":"","sfsi_plus_gutenberg_icon_alignemt":"","sfsi_plus_gutenburg_max_per_row":"","footnotes":""},"categories":[6],"tags":[],"class_list":["post-171212","post","type-post","status-publish","format-standard","has-post-thumbnail","hentry","category-cidades"],"_links":{"self":[{"href":"https:\/\/www.caririemacao.com\/1\/wp-json\/wp\/v2\/posts\/171212","targetHints":{"allow":["GET"]}}],"collection":[{"href":"https:\/\/www.caririemacao.com\/1\/wp-json\/wp\/v2\/posts"}],"about":[{"href":"https:\/\/www.caririemacao.com\/1\/wp-json\/wp\/v2\/types\/post"}],"author":[{"embeddable":true,"href":"https:\/\/www.caririemacao.com\/1\/wp-json\/wp\/v2\/users\/2"}],"replies":[{"embeddable":true,"href":"https:\/\/www.caririemacao.com\/1\/wp-json\/wp\/v2\/comments?post=171212"}],"version-history":[{"count":1,"href":"https:\/\/www.caririemacao.com\/1\/wp-json\/wp\/v2\/posts\/171212\/revisions"}],"predecessor-version":[{"id":171214,"href":"https:\/\/www.caririemacao.com\/1\/wp-json\/wp\/v2\/posts\/171212\/revisions\/171214"}],"wp:featuredmedia":[{"embeddable":true,"href":"https:\/\/www.caririemacao.com\/1\/wp-json\/wp\/v2\/media\/171213"}],"wp:attachment":[{"href":"https:\/\/www.caririemacao.com\/1\/wp-json\/wp\/v2\/media?parent=171212"}],"wp:term":[{"taxonomy":"category","embeddable":true,"href":"https:\/\/www.caririemacao.com\/1\/wp-json\/wp\/v2\/categories?post=171212"},{"taxonomy":"post_tag","embeddable":true,"href":"https:\/\/www.caririemacao.com\/1\/wp-json\/wp\/v2\/tags?post=171212"}],"curies":[{"name":"wp","href":"https:\/\/api.w.org\/{rel}","templated":true}]}}