{"id":171222,"date":"2020-05-25T06:40:13","date_gmt":"2020-05-25T09:40:13","guid":{"rendered":"https:\/\/www.caririemacao.com\/1\/?p=171222"},"modified":"2020-05-25T06:40:13","modified_gmt":"2020-05-25T09:40:13","slug":"preso-por-violencia-domestica-morre-e-policiais-ficam-feridos-apos-serem-atropelados-durante-ocorrencia-na-paraiba","status":"publish","type":"post","link":"https:\/\/www.caririemacao.com\/1\/2020\/05\/25\/preso-por-violencia-domestica-morre-e-policiais-ficam-feridos-apos-serem-atropelados-durante-ocorrencia-na-paraiba\/","title":{"rendered":"Preso por viol\u00eancia dom\u00e9stica morre e policiais ficam feridos ap\u00f3s serem atropelados durante ocorr\u00eancia na Para\u00edba"},"content":{"rendered":"\n<p>Um homem foi preso suspeito de atropelar um preso e dois policiais militares na estrada entre Capim e Sap\u00e9, na Zona da Mata paraibana. O fato aconteceu na noite deste domingo (24).<\/p>\n\n\n\n<p>As primeiras informa\u00e7\u00f5es s\u00e3o de que um detido pela PM morreu e os policiais ficaram feridos. Eles teriam atendido uma ocorr\u00eancia em que uma mulher havia denunciado o marido por viol\u00eancia dom\u00e9stica.<\/p>\n\n\n\n<p>Durante a condu\u00e7\u00e3o do suposto agressor, um outro homem surgiu com o carro e atropelou as tr\u00eas pessoas. As circunst\u00e2ncias do atropelamento ainda n\u00e3o foram esclarecidas.<\/p>\n\n\n\n<p>Ainda de acordo com as informa\u00e7\u00f5es preliminares, os policiais tiveram apenas ferimentos. O condutor do ve\u00edculo foi preso.<\/p>\n","protected":false},"excerpt":{"rendered":"<p>Um homem foi preso suspeito de atropelar um preso e dois policiais militares na estrada entre Capim e Sap\u00e9, na Zona da Mata paraibana. O&hellip; <\/p>\n","protected":false},"author":2,"featured_media":171223,"comment_status":"closed","ping_status":"closed","sticky":false,"template":"","format":"standard","meta":{"sfsi_plus_gutenberg_text_before_share":"","sfsi_plus_gutenberg_show_text_before_share":"","sfsi_plus_gutenberg_icon_type":"","sfsi_plus_gutenberg_icon_alignemt":"","sfsi_plus_gutenburg_max_per_row":"","footnotes":""},"categories":[12],"tags":[],"class_list":["post-171222","post","type-post","status-publish","format-standard","has-post-thumbnail","hentry","category-policia"],"_links":{"self":[{"href":"https:\/\/www.caririemacao.com\/1\/wp-json\/wp\/v2\/posts\/171222","targetHints":{"allow":["GET"]}}],"collection":[{"href":"https:\/\/www.caririemacao.com\/1\/wp-json\/wp\/v2\/posts"}],"about":[{"href":"https:\/\/www.caririemacao.com\/1\/wp-json\/wp\/v2\/types\/post"}],"author":[{"embeddable":true,"href":"https:\/\/www.caririemacao.com\/1\/wp-json\/wp\/v2\/users\/2"}],"replies":[{"embeddable":true,"href":"https:\/\/www.caririemacao.com\/1\/wp-json\/wp\/v2\/comments?post=171222"}],"version-history":[{"count":1,"href":"https:\/\/www.caririemacao.com\/1\/wp-json\/wp\/v2\/posts\/171222\/revisions"}],"predecessor-version":[{"id":171224,"href":"https:\/\/www.caririemacao.com\/1\/wp-json\/wp\/v2\/posts\/171222\/revisions\/171224"}],"wp:featuredmedia":[{"embeddable":true,"href":"https:\/\/www.caririemacao.com\/1\/wp-json\/wp\/v2\/media\/171223"}],"wp:attachment":[{"href":"https:\/\/www.caririemacao.com\/1\/wp-json\/wp\/v2\/media?parent=171222"}],"wp:term":[{"taxonomy":"category","embeddable":true,"href":"https:\/\/www.caririemacao.com\/1\/wp-json\/wp\/v2\/categories?post=171222"},{"taxonomy":"post_tag","embeddable":true,"href":"https:\/\/www.caririemacao.com\/1\/wp-json\/wp\/v2\/tags?post=171222"}],"curies":[{"name":"wp","href":"https:\/\/api.w.org\/{rel}","templated":true}]}}