{"id":171226,"date":"2020-05-25T06:43:12","date_gmt":"2020-05-25T09:43:12","guid":{"rendered":"https:\/\/www.caririemacao.com\/1\/?p=171226"},"modified":"2020-05-25T06:43:12","modified_gmt":"2020-05-25T09:43:12","slug":"governo-da-paraiba-distribui-tres-milhoes-de-mascaras-reutilizaveis-a-partir-desta-segunda-feira","status":"publish","type":"post","link":"https:\/\/www.caririemacao.com\/1\/2020\/05\/25\/governo-da-paraiba-distribui-tres-milhoes-de-mascaras-reutilizaveis-a-partir-desta-segunda-feira\/","title":{"rendered":"Governo da Para\u00edba distribui tr\u00eas milh\u00f5es de m\u00e1scaras reutiliz\u00e1veis a partir desta segunda-feira"},"content":{"rendered":"\n<p>O Governo da Para\u00edba inicia nesta segunda-feira (25) a distribui\u00e7\u00e3o das m\u00e1scaras reutiliz\u00e1veis adquiridas pela Secretaria de Estado da Sa\u00fade (SES) por meio de edital em car\u00e1ter emergencial. Elas ser\u00e3o distribu\u00eddas nas filas dos bancos, entre as pessoas que ir\u00e3o receber o aux\u00edlio do Governo Federal.<\/p>\n\n\n\n<p>A agenda tem a finalidade de efetivar as a\u00e7\u00f5es de vigil\u00e2ncia em sa\u00fade com foco na preven\u00e7\u00e3o e redu\u00e7\u00e3o de cont\u00e1gio pelo coronav\u00edrus.<\/p>\n\n\n\n<p>No total, ser\u00e3o quase tr\u00eas milh\u00f5es de m\u00e1scaras divididas entre as tr\u00eas macrorregi\u00f5es de sa\u00fade, sendo: 1\u00aa Macrorregi\u00e3o de Sa\u00fade (Jo\u00e3o Pessoa) &#8211; 1.369.860; 2\u00aa Macrorregi\u00e3o de Sa\u00fade (Campina Grande) &#8211; 806.802; 3\u00aa Macrorregi\u00e3o de Sa\u00fade (Patos e Sousa) &#8211; 798.504. De acordo com a secret\u00e1ria executiva de Sa\u00fade da Para\u00edba, Renata N\u00f3brega, a SES j\u00e1 recebeu 9 mil m\u00e1scaras para serem distribu\u00eddas na 2\u00aa Macro.<\/p>\n\n\n\n<p>\u201cAs m\u00e1scaras de tecido, desde que confeccionadas em dupla camada, se mostram eficazes no combate ao coronav\u00edrus. J\u00e1 organizamos com a regi\u00e3o de Campina Grande a entrega nas filas dos bancos a partir desta segunda-feira\u201d, pontua.<\/p>\n\n\n\n<p>A a\u00e7\u00e3o ser\u00e1 realizada em parceria com o Procon Estadual e a Secretaria de Estado de Desenvolvimento Humano (Sedh), que atuam como coordenadores dessa distribui\u00e7\u00e3o, e consiste na entrega de um pacote com duas m\u00e1scaras para cada pessoa que estiver na fila dos bancos para receber os pagamentos do aux\u00edlio emergencial e do Bolsa Fam\u00edlia.&nbsp;<\/p>\n\n\n\n<p>Segundo o secret\u00e1rio da Sede, Tib\u00e9rio Limeira, a a\u00e7\u00e3o \u00e9 para potencializar a prote\u00e7\u00e3o da popula\u00e7\u00e3o visto que h\u00e1 uma recomenda\u00e7\u00e3o expressa das autoridades de sa\u00fade para o uso da m\u00e1scara quando sair em locais p\u00fablicos. Para ele, as filas dos bancos est\u00e3o geralmente grandes.<\/p>\n\n\n\n<p>\u201cVamos iniciar por Campina Grande com o primeiro lote que chegou dessa compra que o Governo do Estado fez e que vai servir pra atender a popula\u00e7\u00e3o mais vulner\u00e1vel, que \u00e9 a que mais precisa no Estado, e refor\u00e7ar esse processo da prote\u00e7\u00e3o individual, da seguran\u00e7a, nesse momento de pandemia. Toda a a\u00e7\u00e3o ser\u00e1 realizada de forma organizada, com protocolo de recebimento da m\u00e1scara e com as devidas medidas de prote\u00e7\u00e3o tomadas\u201d, explica.<\/p>\n\n\n\n<p>Para superintendente do Procon\/PB, K\u00e9ssia Cavalcanti, a a\u00e7\u00e3o se faz importante porque as filas dos bancos se configuram como um vetor de grande preocupa\u00e7\u00e3o, sendo um local de aglomera\u00e7\u00e3o. \u201cEsse \u00e9 o momento em que todos precisam estar protegidos. O Procon do Estado j\u00e1 vem desempenhando um papel de fiscaliza\u00e7\u00e3o e educa\u00e7\u00e3o para o consumo. O objetivo \u00e9 levar prote\u00e7\u00e3o e seguran\u00e7a \u00e0queles que precisam\u201d, destaca.<\/p>\n\n\n\n<p>A a\u00e7\u00e3o desta semana ser\u00e1 realizada em tr\u00eas pontos: Na ag\u00eancia da Caixa Econ\u00f4mica do Centro, na da Get\u00falio Vargas e na da Avenida Canal. No ato de entrega, as pessoas que receberem as m\u00e1scaras preencher\u00e3o um formul\u00e1rio com nome e CPF para presta\u00e7\u00e3o de contas da entrega, como forma de transpar\u00eancia do Governo do Estado nas a\u00e7\u00f5es de combate \u00e0 pandemia.<\/p>\n","protected":false},"excerpt":{"rendered":"<p>O Governo da Para\u00edba inicia nesta segunda-feira (25) a distribui\u00e7\u00e3o das m\u00e1scaras reutiliz\u00e1veis adquiridas pela Secretaria de Estado da Sa\u00fade (SES) por meio de edital&hellip; <\/p>\n","protected":false},"author":2,"featured_media":171227,"comment_status":"closed","ping_status":"closed","sticky":false,"template":"","format":"standard","meta":{"sfsi_plus_gutenberg_text_before_share":"","sfsi_plus_gutenberg_show_text_before_share":"","sfsi_plus_gutenberg_icon_type":"","sfsi_plus_gutenberg_icon_alignemt":"","sfsi_plus_gutenburg_max_per_row":"","footnotes":""},"categories":[2],"tags":[],"class_list":["post-171226","post","type-post","status-publish","format-standard","has-post-thumbnail","hentry","category-geral"],"_links":{"self":[{"href":"https:\/\/www.caririemacao.com\/1\/wp-json\/wp\/v2\/posts\/171226","targetHints":{"allow":["GET"]}}],"collection":[{"href":"https:\/\/www.caririemacao.com\/1\/wp-json\/wp\/v2\/posts"}],"about":[{"href":"https:\/\/www.caririemacao.com\/1\/wp-json\/wp\/v2\/types\/post"}],"author":[{"embeddable":true,"href":"https:\/\/www.caririemacao.com\/1\/wp-json\/wp\/v2\/users\/2"}],"replies":[{"embeddable":true,"href":"https:\/\/www.caririemacao.com\/1\/wp-json\/wp\/v2\/comments?post=171226"}],"version-history":[{"count":1,"href":"https:\/\/www.caririemacao.com\/1\/wp-json\/wp\/v2\/posts\/171226\/revisions"}],"predecessor-version":[{"id":171228,"href":"https:\/\/www.caririemacao.com\/1\/wp-json\/wp\/v2\/posts\/171226\/revisions\/171228"}],"wp:featuredmedia":[{"embeddable":true,"href":"https:\/\/www.caririemacao.com\/1\/wp-json\/wp\/v2\/media\/171227"}],"wp:attachment":[{"href":"https:\/\/www.caririemacao.com\/1\/wp-json\/wp\/v2\/media?parent=171226"}],"wp:term":[{"taxonomy":"category","embeddable":true,"href":"https:\/\/www.caririemacao.com\/1\/wp-json\/wp\/v2\/categories?post=171226"},{"taxonomy":"post_tag","embeddable":true,"href":"https:\/\/www.caririemacao.com\/1\/wp-json\/wp\/v2\/tags?post=171226"}],"curies":[{"name":"wp","href":"https:\/\/api.w.org\/{rel}","templated":true}]}}