{"id":171273,"date":"2020-05-25T09:10:36","date_gmt":"2020-05-25T12:10:36","guid":{"rendered":"https:\/\/www.caririemacao.com\/1\/?p=171273"},"modified":"2020-05-25T09:10:50","modified_gmt":"2020-05-25T12:10:50","slug":"prefeitura-de-caraubas-sinaliza-barreiras-sanitarias-nas-entradas-da-cidade","status":"publish","type":"post","link":"https:\/\/www.caririemacao.com\/1\/2020\/05\/25\/prefeitura-de-caraubas-sinaliza-barreiras-sanitarias-nas-entradas-da-cidade\/","title":{"rendered":"Prefeitura de Cara\u00fabas sinaliza barreiras sanit\u00e1rias nas entradas da cidade"},"content":{"rendered":"\n<p>Dando sequ\u00eancia ao trabalho de preven\u00e7\u00e3o e combate ao novo coronavirus no munic\u00edpio de Cara\u00fabas a secretaria da sa\u00fade por determina\u00e7\u00e3o do prefeito Silvano Dudu, sinalizou as barreiras sanit\u00e1rias instaladas nas entradas da cidade. Foram colocadas faixas e banners orientando os motoristas a efetuarem parada obrigat\u00f3ria.<\/p>\n\n\n\n<p><br>De acordo com o secret\u00e1rio da sa\u00fade, Leonardo Eneas Almeida, as barreiras sanit\u00e1rias tem uma import\u00e2ncia fundamental na preven\u00e7\u00e3o a COVID-19. Nossos t\u00e9cnicos munidos diante de um question\u00e1rio e protegidos de equipamentos individuais observam e auferem a temperatura do corpo dos transeuntes advindos pelas PB 196 e 186.<br>Pelo question\u00e1rio respondido temos como monitorar e notificar poss\u00edveis casos suspeitos que entram em nosso munic\u00edpio. Isso aconteceu essa semana e gra\u00e7as a atua\u00e7\u00e3o das barreiras sanit\u00e1rias conseguimos identificar algumas pessoas que vieram de outras cidade e de outros Estados, afirmou o secret\u00e1rio.<\/p>\n\n\n\n<figure class=\"wp-block-image size-large\"><img fetchpriority=\"high\" decoding=\"async\" width=\"770\" height=\"577\" src=\"https:\/\/www.caririemacao.com\/1\/wp-content\/uploads\/2020\/05\/FB_IMG_1590408829313.jpg\" alt=\"\" class=\"wp-image-171275\" srcset=\"https:\/\/www.caririemacao.com\/1\/wp-content\/uploads\/2020\/05\/FB_IMG_1590408829313.jpg 770w, https:\/\/www.caririemacao.com\/1\/wp-content\/uploads\/2020\/05\/FB_IMG_1590408829313-300x225.jpg 300w, https:\/\/www.caririemacao.com\/1\/wp-content\/uploads\/2020\/05\/FB_IMG_1590408829313-768x576.jpg 768w\" sizes=\"(max-width: 770px) 100vw, 770px\" \/><\/figure>\n\n\n\n<p><br>O prefeito Silvano Dudu afirmou que a sinaliza\u00e7\u00e3o das barreiras se tornou importante porque percebemos que algumas pessoas n\u00e3o estavam obedecendo a ordem de parar dos t\u00e9cnicos da sa\u00fade. Al\u00e9m do mais garante uma maior seguran\u00e7a a quem esta trabalhando, haja vista, a sinaliza\u00e7\u00e3o indicativa de parada obrigat\u00f3ria, disse o prefeito Silvano Dudu.<br>Foram sinalizadas as sa\u00eddas para S\u00e3o Domingos do Cariri, Barra de S\u00e3o Miguel e Congo. Desde o inicio dos servi\u00e7os das barreiras que estamos tendo n\u00fameros que nos garantem uma maior seguran\u00e7a. <\/p>\n\n\n\n<p>O Departamento de Vigil\u00e2ncia em Sa\u00fade Epidemiol\u00f3gica tem trabalhado incansavelmente na atualiza\u00e7\u00e3o di\u00e1rias desses dados o que garante a nossa popula\u00e7\u00e3o sermos um dos poucos munic\u00edpios do Estado e do cariri ainda sem nenhum caso confirmado, concluiu o secret\u00e1rio da sa\u00fade.<\/p>\n\n\n\n<p>Fonte: SEPLACOM<br>Foto: Miguel Filho<\/p>\n","protected":false},"excerpt":{"rendered":"<p>Dando sequ\u00eancia ao trabalho de preven\u00e7\u00e3o e combate ao novo coronavirus no munic\u00edpio de Cara\u00fabas a secretaria da sa\u00fade por determina\u00e7\u00e3o do prefeito Silvano Dudu,&hellip; <\/p>\n","protected":false},"author":1,"featured_media":171274,"comment_status":"closed","ping_status":"closed","sticky":false,"template":"","format":"standard","meta":{"sfsi_plus_gutenberg_text_before_share":"","sfsi_plus_gutenberg_show_text_before_share":"","sfsi_plus_gutenberg_icon_type":"","sfsi_plus_gutenberg_icon_alignemt":"","sfsi_plus_gutenburg_max_per_row":"","footnotes":""},"categories":[1],"tags":[],"class_list":["post-171273","post","type-post","status-publish","format-standard","has-post-thumbnail","hentry","category-o-site"],"_links":{"self":[{"href":"https:\/\/www.caririemacao.com\/1\/wp-json\/wp\/v2\/posts\/171273","targetHints":{"allow":["GET"]}}],"collection":[{"href":"https:\/\/www.caririemacao.com\/1\/wp-json\/wp\/v2\/posts"}],"about":[{"href":"https:\/\/www.caririemacao.com\/1\/wp-json\/wp\/v2\/types\/post"}],"author":[{"embeddable":true,"href":"https:\/\/www.caririemacao.com\/1\/wp-json\/wp\/v2\/users\/1"}],"replies":[{"embeddable":true,"href":"https:\/\/www.caririemacao.com\/1\/wp-json\/wp\/v2\/comments?post=171273"}],"version-history":[{"count":2,"href":"https:\/\/www.caririemacao.com\/1\/wp-json\/wp\/v2\/posts\/171273\/revisions"}],"predecessor-version":[{"id":171277,"href":"https:\/\/www.caririemacao.com\/1\/wp-json\/wp\/v2\/posts\/171273\/revisions\/171277"}],"wp:featuredmedia":[{"embeddable":true,"href":"https:\/\/www.caririemacao.com\/1\/wp-json\/wp\/v2\/media\/171274"}],"wp:attachment":[{"href":"https:\/\/www.caririemacao.com\/1\/wp-json\/wp\/v2\/media?parent=171273"}],"wp:term":[{"taxonomy":"category","embeddable":true,"href":"https:\/\/www.caririemacao.com\/1\/wp-json\/wp\/v2\/categories?post=171273"},{"taxonomy":"post_tag","embeddable":true,"href":"https:\/\/www.caririemacao.com\/1\/wp-json\/wp\/v2\/tags?post=171273"}],"curies":[{"name":"wp","href":"https:\/\/api.w.org\/{rel}","templated":true}]}}