{"id":171278,"date":"2020-05-25T09:55:18","date_gmt":"2020-05-25T12:55:18","guid":{"rendered":"https:\/\/www.caririemacao.com\/1\/?p=171278"},"modified":"2020-05-25T09:55:18","modified_gmt":"2020-05-25T12:55:18","slug":"monteiro-confirma-mais-02-casos-de-covid-19-ao-todo-sao-18-casos-confirmados","status":"publish","type":"post","link":"https:\/\/www.caririemacao.com\/1\/2020\/05\/25\/monteiro-confirma-mais-02-casos-de-covid-19-ao-todo-sao-18-casos-confirmados\/","title":{"rendered":"Monteiro confirma mais 02 casos de Covid-19, ao todo s\u00e3o 18 casos confirmados"},"content":{"rendered":"\n<p>Nota atualizada em 24\/05\/2020<\/p>\n\n\n\n<p>A Secretaria Municipal de Sa\u00fade de Monteiro informa que foram registrados mais dois novos casos de COVID 19, no dia 23\/05\/2020.<\/p>\n\n\n\n<p>Trata-se de dois pacientes do sexo masculino, 32 e 44 anos de idade.<br>Informamos que a confirma\u00e7\u00e3o desses exames ocorreram no dia de ontem (s\u00e1bado), ap\u00f3s o fechamento do Boletim epidemiol\u00f3gico do Munic\u00edpio, dessa forma, contabilizamos neste domingo (24\/05\/2020), 18 casos.<\/p>\n\n\n\n<p>Refor\u00e7amos a import\u00e2ncia de seguir as<br>orienta\u00e7\u00f5es do distanciamento social, uso de m\u00e1scaras, higieniza\u00e7\u00e3o das m\u00e3os com \u00e1lcool gel e demais medidas apresentadas pela Secretaria de Sa\u00fade.<\/p>\n","protected":false},"excerpt":{"rendered":"<p>Nota atualizada em 24\/05\/2020 A Secretaria Municipal de Sa\u00fade de Monteiro informa que foram registrados mais dois novos casos de COVID 19, no dia 23\/05\/2020.&hellip; <\/p>\n","protected":false},"author":1,"featured_media":171279,"comment_status":"closed","ping_status":"closed","sticky":false,"template":"","format":"standard","meta":{"sfsi_plus_gutenberg_text_before_share":"","sfsi_plus_gutenberg_show_text_before_share":"","sfsi_plus_gutenberg_icon_type":"","sfsi_plus_gutenberg_icon_alignemt":"","sfsi_plus_gutenburg_max_per_row":"","footnotes":""},"categories":[1],"tags":[],"class_list":["post-171278","post","type-post","status-publish","format-standard","has-post-thumbnail","hentry","category-o-site"],"_links":{"self":[{"href":"https:\/\/www.caririemacao.com\/1\/wp-json\/wp\/v2\/posts\/171278","targetHints":{"allow":["GET"]}}],"collection":[{"href":"https:\/\/www.caririemacao.com\/1\/wp-json\/wp\/v2\/posts"}],"about":[{"href":"https:\/\/www.caririemacao.com\/1\/wp-json\/wp\/v2\/types\/post"}],"author":[{"embeddable":true,"href":"https:\/\/www.caririemacao.com\/1\/wp-json\/wp\/v2\/users\/1"}],"replies":[{"embeddable":true,"href":"https:\/\/www.caririemacao.com\/1\/wp-json\/wp\/v2\/comments?post=171278"}],"version-history":[{"count":1,"href":"https:\/\/www.caririemacao.com\/1\/wp-json\/wp\/v2\/posts\/171278\/revisions"}],"predecessor-version":[{"id":171280,"href":"https:\/\/www.caririemacao.com\/1\/wp-json\/wp\/v2\/posts\/171278\/revisions\/171280"}],"wp:featuredmedia":[{"embeddable":true,"href":"https:\/\/www.caririemacao.com\/1\/wp-json\/wp\/v2\/media\/171279"}],"wp:attachment":[{"href":"https:\/\/www.caririemacao.com\/1\/wp-json\/wp\/v2\/media?parent=171278"}],"wp:term":[{"taxonomy":"category","embeddable":true,"href":"https:\/\/www.caririemacao.com\/1\/wp-json\/wp\/v2\/categories?post=171278"},{"taxonomy":"post_tag","embeddable":true,"href":"https:\/\/www.caririemacao.com\/1\/wp-json\/wp\/v2\/tags?post=171278"}],"curies":[{"name":"wp","href":"https:\/\/api.w.org\/{rel}","templated":true}]}}