{"id":171284,"date":"2020-05-25T10:16:02","date_gmt":"2020-05-25T13:16:02","guid":{"rendered":"https:\/\/www.caririemacao.com\/1\/?p=171284"},"modified":"2020-05-25T10:16:02","modified_gmt":"2020-05-25T13:16:02","slug":"camara-de-bayeux-inscreve-para-concurso-publico-ate-o-proximo-domingo","status":"publish","type":"post","link":"https:\/\/www.caririemacao.com\/1\/2020\/05\/25\/camara-de-bayeux-inscreve-para-concurso-publico-ate-o-proximo-domingo\/","title":{"rendered":"C\u00e2mara de Bayeux inscreve para concurso p\u00fablico at\u00e9 o pr\u00f3ximo domingo"},"content":{"rendered":"\n<p>A C\u00e2mara Municipal de Bayeux inscreve para o concurso p\u00fablico que ir\u00e1 selecionar um procurador jur\u00eddico para atuar na institui\u00e7\u00e3o, at\u00e9 o pr\u00f3ximo domingo (31).&nbsp;O sal\u00e1rio \u00e9 de R$ 2.500 para 20 horas semanais de trabalho.&nbsp;<\/p>\n\n\n\n<p>As inscri\u00e7\u00f5es&nbsp;podem ser feitas&nbsp;<a href=\"https:\/\/cpcon.uepb.edu.br\/concursos\/2020_PM_Bayeux\/pm_bayeux.htm\">no&nbsp;site&nbsp;da Comiss\u00e3o Permanente de Concursos (Cpcon)<\/a>&nbsp;da Universidade Estadual da Para\u00edba (UEPB).&nbsp;As inscri\u00e7\u00f5es custam R$ 105 e o boleto pode ser pago at\u00e9 o dia 1\u00ba de maio.<\/p>\n\n\n\n<p>Os candidatos devem ter gradua\u00e7\u00e3o em direito, registro na Ordem dos Advogados do Brasil e pelo menos tr\u00eas anos de experi\u00eancia.<\/p>\n\n\n\n<p>&nbsp;A nova data para realiza\u00e7\u00e3o da prova objetiva n\u00e3o foi informada.&nbsp;<\/p>\n","protected":false},"excerpt":{"rendered":"<p>A C\u00e2mara Municipal de Bayeux inscreve para o concurso p\u00fablico que ir\u00e1 selecionar um procurador jur\u00eddico para atuar na institui\u00e7\u00e3o, at\u00e9 o pr\u00f3ximo domingo (31).&nbsp;O&hellip; <\/p>\n","protected":false},"author":2,"featured_media":171285,"comment_status":"closed","ping_status":"closed","sticky":false,"template":"","format":"standard","meta":{"sfsi_plus_gutenberg_text_before_share":"","sfsi_plus_gutenberg_show_text_before_share":"","sfsi_plus_gutenberg_icon_type":"","sfsi_plus_gutenberg_icon_alignemt":"","sfsi_plus_gutenburg_max_per_row":"","footnotes":""},"categories":[6],"tags":[],"class_list":["post-171284","post","type-post","status-publish","format-standard","has-post-thumbnail","hentry","category-cidades"],"_links":{"self":[{"href":"https:\/\/www.caririemacao.com\/1\/wp-json\/wp\/v2\/posts\/171284","targetHints":{"allow":["GET"]}}],"collection":[{"href":"https:\/\/www.caririemacao.com\/1\/wp-json\/wp\/v2\/posts"}],"about":[{"href":"https:\/\/www.caririemacao.com\/1\/wp-json\/wp\/v2\/types\/post"}],"author":[{"embeddable":true,"href":"https:\/\/www.caririemacao.com\/1\/wp-json\/wp\/v2\/users\/2"}],"replies":[{"embeddable":true,"href":"https:\/\/www.caririemacao.com\/1\/wp-json\/wp\/v2\/comments?post=171284"}],"version-history":[{"count":1,"href":"https:\/\/www.caririemacao.com\/1\/wp-json\/wp\/v2\/posts\/171284\/revisions"}],"predecessor-version":[{"id":171286,"href":"https:\/\/www.caririemacao.com\/1\/wp-json\/wp\/v2\/posts\/171284\/revisions\/171286"}],"wp:featuredmedia":[{"embeddable":true,"href":"https:\/\/www.caririemacao.com\/1\/wp-json\/wp\/v2\/media\/171285"}],"wp:attachment":[{"href":"https:\/\/www.caririemacao.com\/1\/wp-json\/wp\/v2\/media?parent=171284"}],"wp:term":[{"taxonomy":"category","embeddable":true,"href":"https:\/\/www.caririemacao.com\/1\/wp-json\/wp\/v2\/categories?post=171284"},{"taxonomy":"post_tag","embeddable":true,"href":"https:\/\/www.caririemacao.com\/1\/wp-json\/wp\/v2\/tags?post=171284"}],"curies":[{"name":"wp","href":"https:\/\/api.w.org\/{rel}","templated":true}]}}