{"id":171288,"date":"2020-05-25T10:18:06","date_gmt":"2020-05-25T13:18:06","guid":{"rendered":"https:\/\/www.caririemacao.com\/1\/?p=171288"},"modified":"2020-05-25T10:18:06","modified_gmt":"2020-05-25T13:18:06","slug":"estudo-detalha-interiorizacao-da-covid-19-e-aponta-possivel-colapso-no-agreste-e-sertao","status":"publish","type":"post","link":"https:\/\/www.caririemacao.com\/1\/2020\/05\/25\/estudo-detalha-interiorizacao-da-covid-19-e-aponta-possivel-colapso-no-agreste-e-sertao\/","title":{"rendered":"Estudo detalha interioriza\u00e7\u00e3o da covid-19 e aponta poss\u00edvel colapso no Agreste e Sert\u00e3o"},"content":{"rendered":"\n<p><a href=\"https:\/\/www.facebook.com\/sharer\/sharer.php?u=https:\/\/fonte83.com.br\/estudo-detalha-processo-de-interiorizacao-da-covid-19-e-aponta-possivel-colapso-no-agreste-e-sertao\/&amp;src=sdkpreparse\" target=\"_blank\" rel=\"noreferrer noopener\"><\/a><a href=\"http:\/\/twitter.com\/share?url=https:\/\/fonte83.com.br\/estudo-detalha-processo-de-interiorizacao-da-covid-19-e-aponta-possivel-colapso-no-agreste-e-sertao\/\" target=\"_blank\" rel=\"noreferrer noopener\"><\/a><a href=\"https:\/\/api.whatsapp.com\/send?text=https:\/\/fonte83.com.br\/estudo-detalha-processo-de-interiorizacao-da-covid-19-e-aponta-possivel-colapso-no-agreste-e-sertao\" target=\"_blank\" rel=\"noreferrer noopener\"><\/a><\/p>\n\n\n\n<p>Um novo estudo sobre an\u00e1lises e estat\u00edsticas do&nbsp;Laborat\u00f3rio de Intelig\u00eancia Artificial e Macroeconomia Computacional (LABIMEC), da Universidade Federal da Para\u00edba (UFPB), levando em considera\u00e7\u00e3o o seu&nbsp;\u00faltimo boletim epidemiol\u00f3gico, detalha o processo de&nbsp;interioriza\u00e7\u00e3o da Covid-19 na Para\u00edba, alertando para um&nbsp;poss\u00edvel colapso na rede de sa\u00fade&nbsp;no&nbsp;Agreste e Sert\u00e3o do Estado&nbsp;devido a insufici\u00eancia de leitos relativos a demanda de casos nas regi\u00f5es.<\/p>\n\n\n\n<p>\u201cDeve-se atentar que os novos casos no Estados, antes concentrados em Jo\u00e3o Pessoa, agora passaram a acontecer em cidades do interior. Percebe-se que h\u00e1 um processo de interioriza\u00e7\u00e3o do v\u00edrus no Estado, com destaque para as cidades: Jo\u00e3o Pessoa, Cabedelo, Santa Rita, Guarariba,&nbsp;Campina Grande e Patos\u201c, diz trecho.<\/p>\n\n\n\n<p>Para para evidenciar o dissemina\u00e7\u00e3o r\u00e1pida e interioriza\u00e7\u00e3o, quanto a falta de estrutura hospitalar, o estudo prop\u00f5e as seguintes evid\u00eancias:<\/p>\n\n\n\n<p><strong>\u00b0<\/strong>&nbsp;An\u00e1lise da varia\u00e7\u00e3o na quantidade de cidades que confirmaram seu primeiro casos da Covid-19;<br><strong>\u00b0<\/strong>&nbsp;An\u00e1lise da participa\u00e7\u00e3o dos novos casos confirmados dos 6 munic\u00edpios mais afetados em rela\u00e7\u00e3o aos novos casos de Jo\u00e3o Pessoas (epicentro da Covid-19 no Estado);<br><strong>\u00b0<\/strong>&nbsp;An\u00e1lise da participa\u00e7\u00e3o das regi\u00f5es metropolitana de Jo\u00e3o Pessoa em rela\u00e7\u00e3o ao resto dos munic\u00edpios do estado e das zonas metropolitana de Campina Grande e Patos.<\/p>\n\n\n\n<p>No intervalo de uma semana, segundo levantamento, usando dados divulgados pela Secret\u00e1ria de Estado da Sa\u00fade (SES-PB), o estudo apontou que 36 novos munic\u00edpios foram acometidos pelo coronav\u00edrus, onde a parte alarmante desse dado deve-se ao fato de boa parte dos munic\u00edpios n\u00e3o terem a infraestrutura hospitalar&nbsp;para lidar com casos moderados e graves, e naturalmente, surgir\u00e3o fluxos de pacientes para os hospitais refer\u00eancias e, como forma preventiva, cidades como&nbsp;Jo\u00e3o Pessoa, Campina Grande, Patos e Cajazeiras&nbsp;devem n\u00e3o s\u00f3 comportar seus pacientes residentes, como tamb\u00e9m os n\u00e3o residentes.<\/p>\n\n\n\n<p>Dessa forma, um poss\u00edvel colapso na rede hospitalar se torna evidente, levando em considera\u00e7\u00e3o que a taxa de ocupa\u00e7\u00e3o de leitos de Unidade de Tratamento Intensivo (UTI) em todo o&nbsp;estado \u00e9 de 74%, segundo o boletim da SES divulgado nesse domingo (24). Se recortado, trazendo para perto do epicentro, que a \u00e9 regi\u00e3o metropolitana de Jo\u00e3o Pessoa, cidade essa que possu\u00ed a maior estrutura hospitalar da Para\u00edba, a&nbsp;taxa de ocupa\u00e7\u00e3o de leitos \u00e9 de 89%.<\/p>\n","protected":false},"excerpt":{"rendered":"<p>Um novo estudo sobre an\u00e1lises e estat\u00edsticas do&nbsp;Laborat\u00f3rio de Intelig\u00eancia Artificial e Macroeconomia Computacional (LABIMEC), da Universidade Federal da Para\u00edba (UFPB), levando em considera\u00e7\u00e3o o&hellip; <\/p>\n","protected":false},"author":2,"featured_media":167831,"comment_status":"closed","ping_status":"closed","sticky":false,"template":"","format":"standard","meta":{"sfsi_plus_gutenberg_text_before_share":"","sfsi_plus_gutenberg_show_text_before_share":"","sfsi_plus_gutenberg_icon_type":"","sfsi_plus_gutenberg_icon_alignemt":"","sfsi_plus_gutenburg_max_per_row":"","footnotes":""},"categories":[2],"tags":[],"class_list":["post-171288","post","type-post","status-publish","format-standard","has-post-thumbnail","hentry","category-geral"],"_links":{"self":[{"href":"https:\/\/www.caririemacao.com\/1\/wp-json\/wp\/v2\/posts\/171288","targetHints":{"allow":["GET"]}}],"collection":[{"href":"https:\/\/www.caririemacao.com\/1\/wp-json\/wp\/v2\/posts"}],"about":[{"href":"https:\/\/www.caririemacao.com\/1\/wp-json\/wp\/v2\/types\/post"}],"author":[{"embeddable":true,"href":"https:\/\/www.caririemacao.com\/1\/wp-json\/wp\/v2\/users\/2"}],"replies":[{"embeddable":true,"href":"https:\/\/www.caririemacao.com\/1\/wp-json\/wp\/v2\/comments?post=171288"}],"version-history":[{"count":1,"href":"https:\/\/www.caririemacao.com\/1\/wp-json\/wp\/v2\/posts\/171288\/revisions"}],"predecessor-version":[{"id":171289,"href":"https:\/\/www.caririemacao.com\/1\/wp-json\/wp\/v2\/posts\/171288\/revisions\/171289"}],"wp:featuredmedia":[{"embeddable":true,"href":"https:\/\/www.caririemacao.com\/1\/wp-json\/wp\/v2\/media\/167831"}],"wp:attachment":[{"href":"https:\/\/www.caririemacao.com\/1\/wp-json\/wp\/v2\/media?parent=171288"}],"wp:term":[{"taxonomy":"category","embeddable":true,"href":"https:\/\/www.caririemacao.com\/1\/wp-json\/wp\/v2\/categories?post=171288"},{"taxonomy":"post_tag","embeddable":true,"href":"https:\/\/www.caririemacao.com\/1\/wp-json\/wp\/v2\/tags?post=171288"}],"curies":[{"name":"wp","href":"https:\/\/api.w.org\/{rel}","templated":true}]}}