{"id":17129,"date":"2017-04-05T10:48:55","date_gmt":"2017-04-05T13:48:55","guid":{"rendered":"http:\/\/caririemacao.com\/1\/?p=17129"},"modified":"2017-04-05T11:55:03","modified_gmt":"2017-04-05T14:55:03","slug":"monteiro-fm-lanca-segundo-lote-de-ingressos-para-o-forroleluia-2017","status":"publish","type":"post","link":"https:\/\/www.caririemacao.com\/1\/2017\/04\/05\/monteiro-fm-lanca-segundo-lote-de-ingressos-para-o-forroleluia-2017\/","title":{"rendered":"Monteiro Fm lan\u00e7a segundo lote de ingressos para o forr\u00f3leluia 2017"},"content":{"rendered":"<p>Que o forr\u00f3leluia \u00e9 o evento mais esperado do ano, todos j\u00e1 sabem, o que poucos sabem \u00e9 que este ano a procura pelos ingressos no primeiro lote superou todas expectativas e a Monteiro FM em parceria com a FJ Promo\u00e7\u00f5es j\u00e1 lan\u00e7ou o segundo lote.<\/p>\n<p>Este ano o evento ter\u00e1 a participa\u00e7\u00e3o da Super Banda Mistura fina que trar\u00e1 em seu repertorio uma mistura do cl\u00e1ssico com o atual e levar\u00e1 aos mais jovens as m\u00fasicas que ocupam o primeiro lugar em todas as paradas de sucesso.<\/p>\n<p>E para arrematar de vez os cora\u00e7\u00f5es um dos shows mais apaixonantes do Brasil, intitulado o encontro das vozes, o show conta com a potencia vocal de Edson Lima e o sentimento expresso pela voz de Batista Lima, que juntos trar\u00e3o\u00a0ao forroleluia deste ano o romantismo em forma de can\u00e7\u00f5es e far\u00e3o da noite do s\u00e1bado de aleluia a noite mais linda.<\/p>\n<p>Entre o caldeir\u00e3o musical da Banda Mistura fina e o romantismo do encontro das vozes, tem o show que \u00e9 sem duvidas o mais aguardado pelo povo do Cariri paraibano, Fl\u00e1vio Jos\u00e9 e sua sanfona, marcam mais um forr\u00f3leluia, com sua historia que se confunde com a do Cariri, Fl\u00e1vio cantar\u00e1 seus grandes sucessos junto com a multid\u00e3o que o espera ansiosa, al\u00e9m de lan\u00e7ar oficialmente seu mais recente sucesso SEM SEGREDO, que apesar de ser nova tamb\u00e9m j\u00e1 esta na boca do povo.<\/p>\n<p>Os ingressos antecipados do segundo lote podem ser adquiridos na r\u00e1dio Monteiro FM e tamb\u00e9m em Belo Grava\u00e7\u00f5es e os interessados em camarotes devem entrar em contato com a FJ promo\u00e7\u00f5es ou falar com a Manuela pelos telefones (83) 3351 3230 ou (83) 9 9974 0655.<\/p>\n<p><strong>CARIRI EM A\u00c7\u00c3O\u00a0<\/strong><\/p>\n<p>Com Luanna Brand\u00e3o &#8211; Monteiro FM\/Foto: Reprodu\u00e7\u00e3o<\/p>\n<p><strong>Leia mais not\u00edcias em\u00a0<\/strong><a href=\"http:\/\/www.caririemacao.com\/\"><strong>caririemacao.com<\/strong><\/a><strong>, siga nossa p\u00e1gina no<\/strong><a href=\"https:\/\/www.facebook.com\/CaririEmAcao\/\"><strong>\u00a0Facebook<\/strong><\/a><strong>\u00a0e\u00a0<a href=\"https:\/\/www.instagram.com\/cariri_em_acao\/?hl=pt-br\">Instagram<\/a>\u00a0veja nossas mat\u00e9rias e fotos. Voc\u00ea tamb\u00e9m pode enviar informa\u00e7\u00f5es \u00e0 Reda\u00e7\u00e3o do Portal Cariri em A\u00e7\u00e3o pelo WhatsApp (83) 9 9634.5791, (83) 9 9601-1162 ou (83) 9 994189.<\/strong><\/p>\n<p>&nbsp;<\/p>\n","protected":false},"excerpt":{"rendered":"<p>Que o forr\u00f3leluia \u00e9 o evento mais esperado do ano, todos j\u00e1 sabem, o que poucos sabem \u00e9 que este ano a procura pelos ingressos&hellip; <\/p>\n","protected":false},"author":2,"featured_media":17130,"comment_status":"closed","ping_status":"closed","sticky":false,"template":"","format":"standard","meta":{"sfsi_plus_gutenberg_text_before_share":"","sfsi_plus_gutenberg_show_text_before_share":"","sfsi_plus_gutenberg_icon_type":"","sfsi_plus_gutenberg_icon_alignemt":"","sfsi_plus_gutenburg_max_per_row":"","footnotes":""},"categories":[6],"tags":[],"class_list":["post-17129","post","type-post","status-publish","format-standard","has-post-thumbnail","hentry","category-cidades"],"_links":{"self":[{"href":"https:\/\/www.caririemacao.com\/1\/wp-json\/wp\/v2\/posts\/17129","targetHints":{"allow":["GET"]}}],"collection":[{"href":"https:\/\/www.caririemacao.com\/1\/wp-json\/wp\/v2\/posts"}],"about":[{"href":"https:\/\/www.caririemacao.com\/1\/wp-json\/wp\/v2\/types\/post"}],"author":[{"embeddable":true,"href":"https:\/\/www.caririemacao.com\/1\/wp-json\/wp\/v2\/users\/2"}],"replies":[{"embeddable":true,"href":"https:\/\/www.caririemacao.com\/1\/wp-json\/wp\/v2\/comments?post=17129"}],"version-history":[{"count":0,"href":"https:\/\/www.caririemacao.com\/1\/wp-json\/wp\/v2\/posts\/17129\/revisions"}],"wp:featuredmedia":[{"embeddable":true,"href":"https:\/\/www.caririemacao.com\/1\/wp-json\/wp\/v2\/media\/17130"}],"wp:attachment":[{"href":"https:\/\/www.caririemacao.com\/1\/wp-json\/wp\/v2\/media?parent=17129"}],"wp:term":[{"taxonomy":"category","embeddable":true,"href":"https:\/\/www.caririemacao.com\/1\/wp-json\/wp\/v2\/categories?post=17129"},{"taxonomy":"post_tag","embeddable":true,"href":"https:\/\/www.caririemacao.com\/1\/wp-json\/wp\/v2\/tags?post=17129"}],"curies":[{"name":"wp","href":"https:\/\/api.w.org\/{rel}","templated":true}]}}