{"id":171291,"date":"2020-05-25T10:22:02","date_gmt":"2020-05-25T13:22:02","guid":{"rendered":"https:\/\/www.caririemacao.com\/1\/?p=171291"},"modified":"2020-05-25T10:22:02","modified_gmt":"2020-05-25T13:22:02","slug":"musico-kiel-sostenes-lanca-musica-e-clipe-para-refletir-em-tempos-de-pandemia","status":"publish","type":"post","link":"https:\/\/www.caririemacao.com\/1\/2020\/05\/25\/musico-kiel-sostenes-lanca-musica-e-clipe-para-refletir-em-tempos-de-pandemia\/","title":{"rendered":"M\u00fasico Kiel S\u00f3stenes lan\u00e7a m\u00fasica e clipe para refletir em tempos de pandemia"},"content":{"rendered":"\n<figure><iframe allowfullscreen=\"\" height=\"210\" data-src=\"https:\/\/www.youtube.com\/embed\/8KHFwg_2rik\" width=\"280\" src=\"data:image\/svg+xml;base64,PHN2ZyB3aWR0aD0iMSIgaGVpZ2h0PSIxIiB4bWxucz0iaHR0cDovL3d3dy53My5vcmcvMjAwMC9zdmciPjwvc3ZnPg==\" class=\"lazyload\" data-load-mode=\"1\"><\/iframe><\/figure>\n\n\n\n<p><a href=\"about:invalid#zClosurez\"><\/a>O musico e compositor Kiel S\u00f3stenes de Camala\u00fa, ou Kiel do Acordeon, ou Kiel da Banda Gente B\u00f4a&#8230; resolveu compor uma m\u00fasica e gravar um v\u00eddeo clipe para inspirar as pessoas, e oferecer um entretenimento que auxilia na sa\u00fade psicol\u00f3gica em tempos de pandemia.<\/p>\n\n\n\n<p><em><br>&#8211; Em meio a toda essa instabilidade e inseguran\u00e7a social, econ\u00f4mica e psicol\u00f3gica, resolvi, de forma inovadora e ousada, provocar e inspirar as pessoas por meio de uma m\u00fasica que compus ao lado do poeta Laudivam de Freitas, &#8220;\u00c1guas Turvas&#8221; (turbulentas). <\/em><\/p>\n\n\n\n<p><em>A m\u00fasica com uma letra, ao mesmo tempo futurista e saudosista, retrata com uma vis\u00e3o menos catastr\u00f3fica, o per\u00edodo no qual estamos vivendo, em que, um jovem, ao lado dos seus av\u00f3s (pertencentes ao grupo de risco do Covid-19), descreve as belezas naturais do Rio Para\u00edba em \u00e9poca de invernada, algo, que por sinal, tr\u00e1s esperan\u00e7a ao nosso povo sertanejo.<\/em><\/p>\n\n\n\n<p><em><br>&#8211; A m\u00fasica resultou na grava\u00e7\u00e3o de um v\u00eddeo-clipe, este que, foi gravado na zona rural de Camala\u00fa de forma intencional e reflexiva, pois no mesmo, \u00e9 retratado uma cena comum na regi\u00e3o, a lavagem de roupa na beira do rio.<\/em><\/p>\n\n\n\n<p><em><br>&#8211; Eis que, todas as lavadeiras est\u00e3o utilizando m\u00e1scaras, juntamente com os seus filhos, que tradicionalmente, sempre acompanhavam as suas m\u00e3es para se banharem nos rios tempor\u00e1rios da regi\u00e3o.<\/em><\/p>\n\n\n\n<p><em><br>&#8211; Culturalmente, as pessoas nas comunidades mais isoladas dos centros urbanos t\u00eam atentado um pouco menos para a utiliza\u00e7\u00e3o dos EPIs, isso talvez porque, para muitos, existam muitas barreiras que dividem e que diferenciam a vida rural e urbana, muito embora, n\u00e3o existam fronteiras para a pandemia atual pela qual estamos vivenciando.<\/em><\/p>\n\n\n\n<p><em><br>&#8211; O v\u00eddeo tenta trazer, de forma terap\u00eautica, a alegria estampada no rosto das pessoas durante a execu\u00e7\u00e3o de atividades rotineiras mais simples, mas que s\u00e3o prazerosas, como tamb\u00e9m, o respeito aos idosos (muitos destes, que j\u00e1 viviam em isolamento f\u00edsico) e a valoriza\u00e7\u00e3o das belezas naturais da regi\u00e3o, mesmo durante esse per\u00edodo de &#8220;\u00e1guas turvas&#8221; (turbulentas).<\/em><\/p>\n\n\n\n<p><em><br>&#8211; Quero aqui agradecer a i3Filmes, aos amigos do s\u00edtio Madeira, a JM Home Studio, aos meus pais, ao meu filho Caio Adam e&nbsp;&nbsp;ao poeta Laudivam de Freitas pela contribui\u00e7\u00e3o direta nessa produ\u00e7\u00e3o. A m\u00fasica e a arte servem tamb\u00e9m para os momentos tristes, n\u00e3o para intensific\u00e1-los&#8230; Que Deus nos aben\u00e7oe!<\/em><\/p>\n\n\n\n<p><em><br>&#8211; O v\u00eddeo n\u00e3o incentiva as pessoas a negligenciarem o seu isolamento f\u00edsico, mas sim, oferece um entretenimento \u00e1udiovisual que auxilia na sa\u00fade psicol\u00f3gica das pessoas.<\/em><\/p>\n","protected":false},"excerpt":{"rendered":"<p>O musico e compositor Kiel S\u00f3stenes de Camala\u00fa, ou Kiel do Acordeon, ou Kiel da Banda Gente B\u00f4a&#8230; resolveu compor uma m\u00fasica e gravar um&hellip; <\/p>\n","protected":false},"author":2,"featured_media":171293,"comment_status":"closed","ping_status":"closed","sticky":false,"template":"","format":"standard","meta":{"sfsi_plus_gutenberg_text_before_share":"","sfsi_plus_gutenberg_show_text_before_share":"","sfsi_plus_gutenberg_icon_type":"","sfsi_plus_gutenberg_icon_alignemt":"","sfsi_plus_gutenburg_max_per_row":"","footnotes":""},"categories":[2],"tags":[],"class_list":["post-171291","post","type-post","status-publish","format-standard","has-post-thumbnail","hentry","category-geral"],"_links":{"self":[{"href":"https:\/\/www.caririemacao.com\/1\/wp-json\/wp\/v2\/posts\/171291","targetHints":{"allow":["GET"]}}],"collection":[{"href":"https:\/\/www.caririemacao.com\/1\/wp-json\/wp\/v2\/posts"}],"about":[{"href":"https:\/\/www.caririemacao.com\/1\/wp-json\/wp\/v2\/types\/post"}],"author":[{"embeddable":true,"href":"https:\/\/www.caririemacao.com\/1\/wp-json\/wp\/v2\/users\/2"}],"replies":[{"embeddable":true,"href":"https:\/\/www.caririemacao.com\/1\/wp-json\/wp\/v2\/comments?post=171291"}],"version-history":[{"count":2,"href":"https:\/\/www.caririemacao.com\/1\/wp-json\/wp\/v2\/posts\/171291\/revisions"}],"predecessor-version":[{"id":171294,"href":"https:\/\/www.caririemacao.com\/1\/wp-json\/wp\/v2\/posts\/171291\/revisions\/171294"}],"wp:featuredmedia":[{"embeddable":true,"href":"https:\/\/www.caririemacao.com\/1\/wp-json\/wp\/v2\/media\/171293"}],"wp:attachment":[{"href":"https:\/\/www.caririemacao.com\/1\/wp-json\/wp\/v2\/media?parent=171291"}],"wp:term":[{"taxonomy":"category","embeddable":true,"href":"https:\/\/www.caririemacao.com\/1\/wp-json\/wp\/v2\/categories?post=171291"},{"taxonomy":"post_tag","embeddable":true,"href":"https:\/\/www.caririemacao.com\/1\/wp-json\/wp\/v2\/tags?post=171291"}],"curies":[{"name":"wp","href":"https:\/\/api.w.org\/{rel}","templated":true}]}}