{"id":171300,"date":"2020-05-25T12:09:02","date_gmt":"2020-05-25T15:09:02","guid":{"rendered":"https:\/\/www.caririemacao.com\/1\/?p=171300"},"modified":"2020-05-25T12:09:02","modified_gmt":"2020-05-25T15:09:02","slug":"servico-de-saude-e-seguranca-do-trabalhador-municipal-de-sume-completa-1-ano-de-funcionamento","status":"publish","type":"post","link":"https:\/\/www.caririemacao.com\/1\/2020\/05\/25\/servico-de-saude-e-seguranca-do-trabalhador-municipal-de-sume-completa-1-ano-de-funcionamento\/","title":{"rendered":"Servi\u00e7o de Sa\u00fade e Seguran\u00e7a do Trabalhador Municipal de Sum\u00e9 completa 1 ano de funcionamento"},"content":{"rendered":"\n<p>O Servi\u00e7o Especializado em Sa\u00fade e Seguran\u00e7a do Trabalhador Municipal (SESST\/M) est\u00e1 completando um ano de funcionamento, zelando pela sa\u00fade e seguran\u00e7a dos servidores municipais da Prefeitura de Sum\u00e9.<\/p>\n\n\n\n<p>O SESST \u00e9 um conjunto de pol\u00edticas, normas, procedimentos, atividades e pr\u00e1ticas preventivas que devem ser adotadas com o objetivo de melhorar o ambiente laboral e prevenir acidentes do trabalho e doen\u00e7as ocupacionais.<\/p>\n\n\n\n<p>S\u00e3o desenvolvidas pela equipe de Sum\u00e9 a\u00e7\u00f5es de treinamento e capacita\u00e7\u00e3o para os trabalhadores, como orienta\u00e7\u00e3o quanto \u00e0 conserva\u00e7\u00e3o, higieniza\u00e7\u00e3o e o uso correto dos equipamentos de prote\u00e7\u00e3o individual (EPI), avalia\u00e7\u00e3o de insalubridade e\/ou periculosidade, avalia\u00e7\u00e3o cl\u00ednica de acidentes, doen\u00e7as ou agravos \u00e0 sa\u00fade decorrentes de atividades laborais, realiza\u00e7\u00e3o de exames, admissional e demissional, aplica\u00e7\u00e3o de vacinas, inspe\u00e7\u00f5es para avalia\u00e7\u00e3o de danos, agravos ou acidentes de trabalho, entre outras atividades.<\/p>\n\n\n\n<p>A aplica\u00e7\u00e3o deste servi\u00e7o \u00e9 mais um avan\u00e7o importante em benef\u00edcio dos servidores municipais que a gest\u00e3o do prefeito \u00c9den Duarte implantou no munic\u00edpio visando garantir a seguran\u00e7a e a sa\u00fade dos servidores. \u201cA sa\u00fade e o bem estar do trabalhador n\u00e3o tem pre\u00e7o, foi com essa preocupa\u00e7\u00e3o que implantamos o servi\u00e7o para os nossos servidores que devem atuar num ambiente seguro e saud\u00e1vel\u201d, disse o prefeito \u00c9den.<\/p>\n\n\n\n<p>De acordo com o t\u00e9cnico em Seguran\u00e7a do Trabalho, Rafael da Silva, nesse per\u00edodo de pandemia da Covid-19, o servi\u00e7o tem realizado constantemente inspe\u00e7\u00e3o t\u00e9cnica para verificar o uso correto dos EPIs, bem como esclarecendo d\u00favidas quanto ao risco de doen\u00e7as relacionadas ao trabalho. O servi\u00e7o visita in loco as obras da prefeitura, as unidades b\u00e1sicas de sa\u00fade, o Hospital Alice de Almeida, Samu, Centro de Fisioterapia e o Cemit\u00e9rio Municipal.<\/p>\n\n\n\n<p>Rafael ainda acrescentou que esse trabalho de orienta\u00e7\u00e3o\/acompanhamento\/monitoramento tem sido muito importante pelo fato dos trabalhadores se sentirem mais confiantes ao perceber a presen\u00e7a da Prefeitura, principalmente nesse momento de Covid-19.<\/p>\n\n\n\n<p>\u201cVejo como algo positivo essa a\u00e7\u00e3o, pois de acordo com os retornos que tenho tido, a presen\u00e7a do servi\u00e7o de Seguran\u00e7a do Trabalhador nos locais faz com que os servidores se sintam mais confiantes, em casos de imprevistos, eles j\u00e1 sabem onde recorrer\u201d, afirmou o t\u00e9cnico Rafael.<\/p>\n\n\n\n<p>O servi\u00e7o de Sa\u00fade e Seguran\u00e7a do Trabalhador funciona de segunda a sexta feira, das 7h \u00e0s 13h, no pr\u00e9dio da Farm\u00e1cia B\u00e1sica, no 1\u00b0 andar, e conta com uma equipe composta por: m\u00e9dico do trabalho, t\u00e9cnico de seguran\u00e7a do trabalho e auxiliar de apoio.<\/p>\n\n\n\n<p>Ascom PMS<\/p>\n","protected":false},"excerpt":{"rendered":"<p>O Servi\u00e7o Especializado em Sa\u00fade e Seguran\u00e7a do Trabalhador Municipal (SESST\/M) est\u00e1 completando um ano de funcionamento, zelando pela sa\u00fade e seguran\u00e7a dos servidores municipais&hellip; <\/p>\n","protected":false},"author":2,"featured_media":171301,"comment_status":"closed","ping_status":"closed","sticky":false,"template":"","format":"standard","meta":{"sfsi_plus_gutenberg_text_before_share":"","sfsi_plus_gutenberg_show_text_before_share":"","sfsi_plus_gutenberg_icon_type":"","sfsi_plus_gutenberg_icon_alignemt":"","sfsi_plus_gutenburg_max_per_row":"","footnotes":""},"categories":[6],"tags":[],"class_list":["post-171300","post","type-post","status-publish","format-standard","has-post-thumbnail","hentry","category-cidades"],"_links":{"self":[{"href":"https:\/\/www.caririemacao.com\/1\/wp-json\/wp\/v2\/posts\/171300","targetHints":{"allow":["GET"]}}],"collection":[{"href":"https:\/\/www.caririemacao.com\/1\/wp-json\/wp\/v2\/posts"}],"about":[{"href":"https:\/\/www.caririemacao.com\/1\/wp-json\/wp\/v2\/types\/post"}],"author":[{"embeddable":true,"href":"https:\/\/www.caririemacao.com\/1\/wp-json\/wp\/v2\/users\/2"}],"replies":[{"embeddable":true,"href":"https:\/\/www.caririemacao.com\/1\/wp-json\/wp\/v2\/comments?post=171300"}],"version-history":[{"count":1,"href":"https:\/\/www.caririemacao.com\/1\/wp-json\/wp\/v2\/posts\/171300\/revisions"}],"predecessor-version":[{"id":171302,"href":"https:\/\/www.caririemacao.com\/1\/wp-json\/wp\/v2\/posts\/171300\/revisions\/171302"}],"wp:featuredmedia":[{"embeddable":true,"href":"https:\/\/www.caririemacao.com\/1\/wp-json\/wp\/v2\/media\/171301"}],"wp:attachment":[{"href":"https:\/\/www.caririemacao.com\/1\/wp-json\/wp\/v2\/media?parent=171300"}],"wp:term":[{"taxonomy":"category","embeddable":true,"href":"https:\/\/www.caririemacao.com\/1\/wp-json\/wp\/v2\/categories?post=171300"},{"taxonomy":"post_tag","embeddable":true,"href":"https:\/\/www.caririemacao.com\/1\/wp-json\/wp\/v2\/tags?post=171300"}],"curies":[{"name":"wp","href":"https:\/\/api.w.org\/{rel}","templated":true}]}}