{"id":171304,"date":"2020-05-25T12:12:26","date_gmt":"2020-05-25T15:12:26","guid":{"rendered":"https:\/\/www.caririemacao.com\/1\/?p=171304"},"modified":"2020-05-25T12:12:26","modified_gmt":"2020-05-25T15:12:26","slug":"dias-toffoli-testa-negativo-para-coronavirus","status":"publish","type":"post","link":"https:\/\/www.caririemacao.com\/1\/2020\/05\/25\/dias-toffoli-testa-negativo-para-coronavirus\/","title":{"rendered":"Dias Toffoli testa negativo para Coronav\u00edrus"},"content":{"rendered":"\n<p>O exame do presidente do Supremo Tribunal Federal (STF), ministro Dias Toffoli, para Covid-19 deu negativo, informou a assessoria da Corte nesta segunda-feira (25).<\/p>\n\n\n\n<p>Boletim m\u00e9dico da equipe que atendeu o ministro informa que Toffoli vai fazer novos exames para descartar a hip\u00f3tese de um falso negativo. O ministro est\u00e1 est\u00e1vel, respira sem ajuda de aparelhos e, nas \u00faltimas horas, apresentou melhoras nos sintomas respirat\u00f3rios.<\/p>\n\n\n\n<p>Toffoli&nbsp;foi internado no s\u00e1bado (23)&nbsp;para passar por uma cirurgia para drenagem de abscesso no s\u00e1bado (23). Durante a interna\u00e7\u00e3o, o ministro apresentou sinais que sugeriram poss\u00edvel infec\u00e7\u00e3o pelo coronav\u00edrus.<\/p>\n\n\n\n<p>Na quarta-feira (20), Toffoli j\u00e1 havia sido submetido a um teste que tamb\u00e9m deu negativo para coronav\u00edrus.<\/p>\n\n\n\n<p>Neste domingo (24), o STF informou que o ministro ficar\u00e1 de licen\u00e7a m\u00e9dica por 7 dias, podendo ser ampliada dependendo do resultado dos exames. O vice-presidente do STF, ministro Luiz Fux, assumiu a presid\u00eancia do tribunal neste domingo e comanda a corte at\u00e9 o retorno de Toffoli.<\/p>\n","protected":false},"excerpt":{"rendered":"<p>O exame do presidente do Supremo Tribunal Federal (STF), ministro Dias Toffoli, para Covid-19 deu negativo, informou a assessoria da Corte nesta segunda-feira (25). Boletim&hellip; <\/p>\n","protected":false},"author":2,"featured_media":171306,"comment_status":"closed","ping_status":"closed","sticky":false,"template":"","format":"standard","meta":{"sfsi_plus_gutenberg_text_before_share":"","sfsi_plus_gutenberg_show_text_before_share":"","sfsi_plus_gutenberg_icon_type":"","sfsi_plus_gutenberg_icon_alignemt":"","sfsi_plus_gutenburg_max_per_row":"","footnotes":""},"categories":[11],"tags":[],"class_list":["post-171304","post","type-post","status-publish","format-standard","has-post-thumbnail","hentry","category-politica"],"_links":{"self":[{"href":"https:\/\/www.caririemacao.com\/1\/wp-json\/wp\/v2\/posts\/171304","targetHints":{"allow":["GET"]}}],"collection":[{"href":"https:\/\/www.caririemacao.com\/1\/wp-json\/wp\/v2\/posts"}],"about":[{"href":"https:\/\/www.caririemacao.com\/1\/wp-json\/wp\/v2\/types\/post"}],"author":[{"embeddable":true,"href":"https:\/\/www.caririemacao.com\/1\/wp-json\/wp\/v2\/users\/2"}],"replies":[{"embeddable":true,"href":"https:\/\/www.caririemacao.com\/1\/wp-json\/wp\/v2\/comments?post=171304"}],"version-history":[{"count":2,"href":"https:\/\/www.caririemacao.com\/1\/wp-json\/wp\/v2\/posts\/171304\/revisions"}],"predecessor-version":[{"id":171307,"href":"https:\/\/www.caririemacao.com\/1\/wp-json\/wp\/v2\/posts\/171304\/revisions\/171307"}],"wp:featuredmedia":[{"embeddable":true,"href":"https:\/\/www.caririemacao.com\/1\/wp-json\/wp\/v2\/media\/171306"}],"wp:attachment":[{"href":"https:\/\/www.caririemacao.com\/1\/wp-json\/wp\/v2\/media?parent=171304"}],"wp:term":[{"taxonomy":"category","embeddable":true,"href":"https:\/\/www.caririemacao.com\/1\/wp-json\/wp\/v2\/categories?post=171304"},{"taxonomy":"post_tag","embeddable":true,"href":"https:\/\/www.caririemacao.com\/1\/wp-json\/wp\/v2\/tags?post=171304"}],"curies":[{"name":"wp","href":"https:\/\/api.w.org\/{rel}","templated":true}]}}