{"id":171309,"date":"2020-05-25T12:14:49","date_gmt":"2020-05-25T15:14:49","guid":{"rendered":"https:\/\/www.caririemacao.com\/1\/?p=171309"},"modified":"2020-05-25T12:14:49","modified_gmt":"2020-05-25T15:14:49","slug":"sergio-moro-me-neguei-a-ser-papagaio-do-presidente-bolsonaro","status":"publish","type":"post","link":"https:\/\/www.caririemacao.com\/1\/2020\/05\/25\/sergio-moro-me-neguei-a-ser-papagaio-do-presidente-bolsonaro\/","title":{"rendered":"S\u00e9rgio Moro: \u201cMe neguei a ser papagaio do presidente Bolsonaro\u201d"},"content":{"rendered":"\n<p>O ex-ministro Sergio Moro (Justi\u00e7a) acusou neste domingo (24) Jair Bolsonaro (sem partido) de ser negacionista em rela\u00e7\u00e3o \u00e0 pandemia do novo coronav\u00edrus e disse que sua lealdade ao presidente exigia que discordasse de suas posi\u00e7\u00f5es e que n\u00e3o fosse um \u201cpapagaio\u201d.<\/p>\n\n\n\n<p>Em entrevista ao programa Fant\u00e1stico, da TV Globo, o ex-juiz criticou as substitui\u00e7\u00f5es realizadas no comando do Minist\u00e9rio da Sa\u00fade durante a crise sanit\u00e1ria.<\/p>\n\n\n\n<p>Em meio \u00e0 pandemia, diverg\u00eancias com o presidente sobre o uso do medicamento cloroquina derrubaram os ministros Luiz Henrique Mandetta e Nelson Teich.<\/p>\n\n\n\n<p>\u201cAs substitui\u00e7\u00f5es no Minist\u00e9rio da Sa\u00fade acho que s\u00e3o absolutamente controversas. Claro que o presidente escolhe os seus ministros, mas s\u00e3o substitui\u00e7\u00f5es bastante question\u00e1veis do ponto de vista t\u00e9cnico\u201d, afirmou Moro.<\/p>\n\n\n\n<p>O ex-magistrado disse que se sentia desconfort\u00e1vel com a gest\u00e3o que Bolsonaro faz da crise sanit\u00e1ria. \u201cA posi\u00e7\u00e3o do governo federal em rela\u00e7\u00e3o \u00e0 pandemia \u00e9 muito pouco construtiva.\u201d<\/p>\n\n\n\n<p>Para o ex-ministro, o presidente tem uma posi\u00e7\u00e3o negacionista sobre a crise. Enquanto ainda fazia parte do governo, Moro chegou a defender, em redes sociais, o isolamento social para tentar reduzir a dissemina\u00e7\u00e3o do novo coronav\u00edrus.<\/p>\n\n\n\n<p>Segundo ele, em v\u00e1rias reuni\u00f5es o governo foi alertado para o risco da escalada de mortes na pandemia \u2013que atingiu neste domingo a marca de 22.666 \u00f3bitos.<\/p>\n\n\n\n<p>Ainda assim, disse, faltou planejamento federal para enfrentar a crise.<\/p>\n\n\n\n<p>\u201cAcho que a minha lealdade ao pr\u00f3prio presidente demanda que eu me posicione com hombridade, com o que eu penso, e n\u00e3o apenas concordando com a posi\u00e7\u00e3o do presidente. Se for assim, n\u00e3o precisa de um ministro, precisa de um papagaio\u201d, criticou.<\/p>\n\n\n\n<p>Na entrevista, o ex-juiz afirmou que Bolsonaro n\u00e3o se esfor\u00e7ou para implementar uma agenda de combate \u00e0 corrup\u00e7\u00e3o. Como exemplos disso, citou o fato de o governo n\u00e3o ter se empenhado para manter o Coaf (Conselho de Controle de Atividades Financeiras) na estrutura do Minist\u00e9rio da Justi\u00e7a -depois de idas e vindas, o \u00f3rg\u00e3o foi parar sob o guarda-chuva do Banco Central.<\/p>\n\n\n\n<p>Tamb\u00e9m afirmou que o presidente n\u00e3o apoiou o pacote anticrime, uma de suas principais bandeiras \u00e0 frente do minist\u00e9rio, e que n\u00e3o saiu em defesa da pris\u00e3o ap\u00f3s condena\u00e7\u00e3o em segunda inst\u00e2ncia.<\/p>\n\n\n\n<p>\u201cEssa interfer\u00eancia na Pol\u00edcia Federal, a meu ver, vem no \u00e2mbito de um cont\u00ednuo em que eu via essa agenda anticorrup\u00e7\u00e3o ser cada vez mais esvaziada\u201d, afirmou.<\/p>\n\n\n\n<p>\u201cO governo se vale da minha imagem, que eu tenho esse passado de combate ao crime, contra a corrup\u00e7\u00e3o, e de fato o governo n\u00e3o est\u00e1 fazendo isso. N\u00e3o est\u00e1 fortalecendo as institui\u00e7\u00f5es para o combate \u00e0 corrup\u00e7\u00e3o\u201d, complementou.<\/p>\n\n\n\n<p>Moro tamb\u00e9m criticou as alian\u00e7as recentes do governo com o chamado centr\u00e3o, formado por partidos como PP, PL e Republicanos, na base da velha pol\u00edtica de apoio em troca de cargos.<\/p>\n\n\n\n<p>\u201cClaro que existe todo esse contexto de desapontamento em rela\u00e7\u00e3o \u00e0 falta de empenho do presidente em rela\u00e7\u00e3o \u00e0 agenda anticorrup\u00e7\u00e3o, que envolve agora essas alian\u00e7as pol\u00edticas, algumas question\u00e1veis\u201d, disse.<\/p>\n\n\n\n<p>Moro falou ainda sobre sua sa\u00edda do Minist\u00e9rio da Justi\u00e7a e Seguran\u00e7a P\u00fablica, atribu\u00edda a uma tentativa de interfer\u00eancia de Bolsonaro no comando da Pol\u00edcia Federal.<\/p>\n\n\n\n<p>Segundo ele, o v\u00eddeo da reuni\u00e3o ministerial de 22 de abril \u00e9 uma prova da inger\u00eancia do presidente no \u00f3rg\u00e3o. O ex-juiz afirmou ainda n\u00e3o ter se sentido confort\u00e1vel no encontro.<\/p>\n\n\n\n<p>Moro anunciou sua demiss\u00e3o no dia 24 de abril, mesmo dia em que foi publicada no Di\u00e1rio Oficial a exonera\u00e7\u00e3o de Maur\u00edcio Valeixo do cargo de diretor-geral da Pol\u00edcia Federal.<\/p>\n\n\n\n<p>No dia 22 de abril, horas antes da reuni\u00e3o ministerial, Bolsonaro mandou uma mensagem a Moro cobrando a sa\u00edda de Valeixo.<\/p>\n\n\n\n<p>No dia seguinte, Bolsonaro voltou a enviar uma mensagem a Moro falando da troca de Valeixo. Ao citar mat\u00e9ria do site O Antagonista intitulada \u201cPF na cola de 10 a 12 deputados bolsonaristas\u201d, Bolsonaro escreveu \u201cMais um motivo para a troca\u201d, se referindo \u00e0 sua inten\u00e7\u00e3o de tirar Valeixo do comando da corpora\u00e7\u00e3o.<\/p>\n\n\n\n<p>Bolsonaro nega que, durante a reuni\u00e3o no Planalto do dia 22 de abril, tenha se referido especificamente \u00e0 PF em suas falas.<\/p>\n\n\n\n<p>Afirma que jamais buscou pressionar Moro para mexer na corpora\u00e7\u00e3o com o objetivo de influenciar em investiga\u00e7\u00f5es ligadas a quest\u00f5es pessoais ou familiares.<\/p>\n\n\n\n<p>Na \u00faltima sexta-feira (22), no entanto, foi divulgada a grava\u00e7\u00e3o da reuni\u00e3o entregue pelo governo ao STF no inqu\u00e9rito.<\/p>\n\n\n\n<p>No v\u00eddeo, Bolsonaro se queixa da falta de dados dos \u00f3rg\u00e3os de intelig\u00eancia e de uma suposta persegui\u00e7\u00e3o a irm\u00e3os. Da\u00ed, faz uma declara\u00e7\u00e3o central para o inqu\u00e9rito que apura se ele tentou, de fato, interferir indevidamente na Pol\u00edcia Federal, especialmente na superintend\u00eancia da corpora\u00e7\u00e3o no Rio.<\/p>\n\n\n\n<p>\u201cJ\u00e1 tentei trocar gente da seguran\u00e7a nossa no Rio de Janeiro, oficialmente, e n\u00e3o consegui. E isso acabou. Eu n\u00e3o vou esperar foder a minha fam\u00edlia toda, de sacanagem, ou amigos meus, porque eu n\u00e3o posso trocar algu\u00e9m da seguran\u00e7a na ponta da linha que pertence a estrutura nossa. Vai trocar! Se n\u00e3o puder trocar, troca o chefe dele! N\u00e3o pode trocar o chefe dele? Troca o ministro! E ponto final! N\u00e3o estamos aqui pra brincadeira\u201d, bradou o presidente.<\/p>\n\n\n\n<p>Em depoimento, Moro afirmou que Bolsonaro se referia, naquele contexto, \u00e0 mudan\u00e7a em alguns postos-chave da PF, ante sua preocupa\u00e7\u00e3o com apura\u00e7\u00f5es em curso.<\/p>\n\n\n\n<p>O presidente sustenta, contudo, que sua fala era a respeito da troca de equipes do Gabinete de Seguran\u00e7a Institucional, respons\u00e1veis por proteger seus familiares, vers\u00e3o que se enfraquece mais ainda com a divulga\u00e7\u00e3o do v\u00eddeo da reuni\u00e3o.<\/p>\n\n\n\n<p>Ap\u00f3s a demiss\u00e3o de Valeixo, o primeiro ato da nova gest\u00e3o da PF foi trocar o superintendente da corpora\u00e7\u00e3o no Rio.<\/p>\n\n\n\n<p>Em outro trecho da reuni\u00e3o, Bolsonaro confirma o interesse em intervir na pol\u00edcia, mas tamb\u00e9m em outros \u00f3rg\u00e3os do Executivo. Ele cita \u201cPF\u201d (sigla de Pol\u00edcia Federal) num contexto de insatisfa\u00e7\u00e3o com a falta de informa\u00e7\u00f5es de intelig\u00eancia. E a relaciona entre os \u00f3rg\u00e3os que seriam objeto de sua interfer\u00eancia.<\/p>\n\n\n\n<p>\u201cA pessoa tem que entender. Se n\u00e3o quer entender, paci\u00eancia, p\u00f4! E eu tenho o poder e vou interferir em todos os minist\u00e9rios, sem exce\u00e7\u00e3o.\u201d<\/p>\n\n\n\n<p>O teor do v\u00eddeo e os depoimento em curso s\u00e3o decisivos para a PGR (Procuradoria-Geral da Rep\u00fablica) concluir se ir\u00e1 denunciar o presidente Jair Bolsonaro por corrup\u00e7\u00e3o passiva privilegiada, obstru\u00e7\u00e3o de Justi\u00e7a e advocacia administrativa por tentar interferir na autonomia da Pol\u00edcia Federal.<\/p>\n","protected":false},"excerpt":{"rendered":"<p>O ex-ministro Sergio Moro (Justi\u00e7a) acusou neste domingo (24) Jair Bolsonaro (sem partido) de ser negacionista em rela\u00e7\u00e3o \u00e0 pandemia do novo coronav\u00edrus e disse&hellip; <\/p>\n","protected":false},"author":2,"featured_media":169128,"comment_status":"closed","ping_status":"closed","sticky":false,"template":"","format":"standard","meta":{"sfsi_plus_gutenberg_text_before_share":"","sfsi_plus_gutenberg_show_text_before_share":"","sfsi_plus_gutenberg_icon_type":"","sfsi_plus_gutenberg_icon_alignemt":"","sfsi_plus_gutenburg_max_per_row":"","footnotes":""},"categories":[11],"tags":[],"class_list":["post-171309","post","type-post","status-publish","format-standard","has-post-thumbnail","hentry","category-politica"],"_links":{"self":[{"href":"https:\/\/www.caririemacao.com\/1\/wp-json\/wp\/v2\/posts\/171309","targetHints":{"allow":["GET"]}}],"collection":[{"href":"https:\/\/www.caririemacao.com\/1\/wp-json\/wp\/v2\/posts"}],"about":[{"href":"https:\/\/www.caririemacao.com\/1\/wp-json\/wp\/v2\/types\/post"}],"author":[{"embeddable":true,"href":"https:\/\/www.caririemacao.com\/1\/wp-json\/wp\/v2\/users\/2"}],"replies":[{"embeddable":true,"href":"https:\/\/www.caririemacao.com\/1\/wp-json\/wp\/v2\/comments?post=171309"}],"version-history":[{"count":1,"href":"https:\/\/www.caririemacao.com\/1\/wp-json\/wp\/v2\/posts\/171309\/revisions"}],"predecessor-version":[{"id":171310,"href":"https:\/\/www.caririemacao.com\/1\/wp-json\/wp\/v2\/posts\/171309\/revisions\/171310"}],"wp:featuredmedia":[{"embeddable":true,"href":"https:\/\/www.caririemacao.com\/1\/wp-json\/wp\/v2\/media\/169128"}],"wp:attachment":[{"href":"https:\/\/www.caririemacao.com\/1\/wp-json\/wp\/v2\/media?parent=171309"}],"wp:term":[{"taxonomy":"category","embeddable":true,"href":"https:\/\/www.caririemacao.com\/1\/wp-json\/wp\/v2\/categories?post=171309"},{"taxonomy":"post_tag","embeddable":true,"href":"https:\/\/www.caririemacao.com\/1\/wp-json\/wp\/v2\/tags?post=171309"}],"curies":[{"name":"wp","href":"https:\/\/api.w.org\/{rel}","templated":true}]}}