{"id":171334,"date":"2020-05-25T13:15:38","date_gmt":"2020-05-25T16:15:38","guid":{"rendered":"https:\/\/www.caririemacao.com\/1\/?p=171334"},"modified":"2020-05-25T13:15:38","modified_gmt":"2020-05-25T16:15:38","slug":"associacao-paraibana-do-ministerio-publico-repudia-acusacoes-de-ricardo-coutinho-apos-nova-denuncia-do-gaeco","status":"publish","type":"post","link":"https:\/\/www.caririemacao.com\/1\/2020\/05\/25\/associacao-paraibana-do-ministerio-publico-repudia-acusacoes-de-ricardo-coutinho-apos-nova-denuncia-do-gaeco\/","title":{"rendered":"Associa\u00e7\u00e3o Paraibana do Minist\u00e9rio P\u00fablico repudia acusa\u00e7\u00f5es de Ricardo Coutinho ap\u00f3s nova den\u00fancia do Gaeco"},"content":{"rendered":"\n<p>A Associa\u00e7\u00e3o Paraibana do Minist\u00e9rio P\u00fablico (APMP) divulgou nota de rep\u00fadio a declara\u00e7\u00f5es do ex-governador da Para\u00edba, Ricardo Coutinho, que pelas redes sociais, fez cr\u00edticas a atua\u00e7\u00e3o do Minist\u00e9rio P\u00fablico e do Grupo de Atua\u00e7\u00e3o Especial Contra o Crime Organizado (Gaeco). em v\u00eddeo, Ricardo Coutinho alegou ser v\u00edtima de persegui\u00e7\u00e3o ap\u00f3s o Minist\u00e9rio P\u00fablico apresentar uma\u00a0nova den\u00fancia contra ele, como um desdobramento da Opera\u00e7\u00e3o Calv\u00e1rio.<\/p>\n\n\n\n<p><strong>Veja anota na \u00edntegra:&nbsp;<\/strong>&nbsp;&nbsp; &nbsp; &nbsp; &nbsp;&nbsp;<\/p>\n\n\n\n<p><em>&#8221;A Associa\u00e7\u00e3o Paraibana do Minist\u00e9rio P\u00fablico \u2013 APMP \u2013 vem repudiar as refer\u00eancias feitas pelo Ex-Governador Ricardo Vieira Coutinho em suas redes sociais, a respeito da atua\u00e7\u00e3o funcional e constitucional de membros do Minist\u00e9rio P\u00fablico integrantes do Grupo de Atua\u00e7\u00e3o Especial Contra o Crime Organizado \u2013 GAECO.<\/em><\/p>\n\n\n\n<p><em>Desde logo, cabe destacar que as manifesta\u00e7\u00f5es de todos os membros do Minist\u00e9rio P\u00fablico, por assento e obriga\u00e7\u00e3o constitucional, s\u00e3o devidamente fundamentadas, e sujeitas aos \u00d3rg\u00e3os de controle institucionais &#8211; interno e externo.<\/em><\/p>\n\n\n\n<p><em>Manifesta\u00e7\u00f5es de denunciados nas redes sociais, alegando&nbsp; suposta \u201cpersegui\u00e7\u00e3o\u201d pessoal, s\u00e3o tecnicamente equivocadas, usuais em a\u00e7\u00f5es deste vi\u00e9s,&nbsp; demais disso a persecu\u00e7\u00e3o penal, ao rev\u00e9s de persegui\u00e7\u00e3o pessoal, se faz com apresenta\u00e7\u00e3o de den\u00fancia arrimada em justa causa, isto \u00e9, ind\u00edcios de autoria e prova da materialidade de condutas delitivas, submetidas ao crivo do poder judici\u00e1rio para exerc\u00edcio da dial\u00e9tica, inerente ao sistema acusat\u00f3rio, sendo essa a regra do Estado de Direito.<\/em><\/p>\n\n\n\n<p><em>A hist\u00f3ria do Grupo de Atua\u00e7\u00e3o Especial contra o Crime Organizado \u2013 GAECO \u2013 fala por si, pelo enfrentamento isento, t\u00e9cnico e destemido de organiza\u00e7\u00f5es criminosas com ramifica\u00e7\u00f5es em nosso Estado, como um soldado da lei e guardi\u00e3o da Constitui\u00e7\u00e3o, com o objetivo de proteger a Sociedade paraibana e o seu er\u00e1rio&#8221;.<\/em><\/p>\n\n\n\n<p><em>Jo\u00e3o Pessoa, em 25 de maio de 2020.<\/em><\/p>\n\n\n\n<p><em>M\u00e1rcio Gondim do Nascimento<br>Presidente APMP<\/em><\/p>\n","protected":false},"excerpt":{"rendered":"<p>A Associa\u00e7\u00e3o Paraibana do Minist\u00e9rio P\u00fablico (APMP) divulgou nota de rep\u00fadio a declara\u00e7\u00f5es do ex-governador da Para\u00edba, Ricardo Coutinho, que pelas redes sociais, fez cr\u00edticas&hellip; <\/p>\n","protected":false},"author":2,"featured_media":96867,"comment_status":"closed","ping_status":"closed","sticky":false,"template":"","format":"standard","meta":{"sfsi_plus_gutenberg_text_before_share":"","sfsi_plus_gutenberg_show_text_before_share":"","sfsi_plus_gutenberg_icon_type":"","sfsi_plus_gutenberg_icon_alignemt":"","sfsi_plus_gutenburg_max_per_row":"","footnotes":""},"categories":[11],"tags":[],"class_list":["post-171334","post","type-post","status-publish","format-standard","has-post-thumbnail","hentry","category-politica"],"_links":{"self":[{"href":"https:\/\/www.caririemacao.com\/1\/wp-json\/wp\/v2\/posts\/171334","targetHints":{"allow":["GET"]}}],"collection":[{"href":"https:\/\/www.caririemacao.com\/1\/wp-json\/wp\/v2\/posts"}],"about":[{"href":"https:\/\/www.caririemacao.com\/1\/wp-json\/wp\/v2\/types\/post"}],"author":[{"embeddable":true,"href":"https:\/\/www.caririemacao.com\/1\/wp-json\/wp\/v2\/users\/2"}],"replies":[{"embeddable":true,"href":"https:\/\/www.caririemacao.com\/1\/wp-json\/wp\/v2\/comments?post=171334"}],"version-history":[{"count":1,"href":"https:\/\/www.caririemacao.com\/1\/wp-json\/wp\/v2\/posts\/171334\/revisions"}],"predecessor-version":[{"id":171335,"href":"https:\/\/www.caririemacao.com\/1\/wp-json\/wp\/v2\/posts\/171334\/revisions\/171335"}],"wp:featuredmedia":[{"embeddable":true,"href":"https:\/\/www.caririemacao.com\/1\/wp-json\/wp\/v2\/media\/96867"}],"wp:attachment":[{"href":"https:\/\/www.caririemacao.com\/1\/wp-json\/wp\/v2\/media?parent=171334"}],"wp:term":[{"taxonomy":"category","embeddable":true,"href":"https:\/\/www.caririemacao.com\/1\/wp-json\/wp\/v2\/categories?post=171334"},{"taxonomy":"post_tag","embeddable":true,"href":"https:\/\/www.caririemacao.com\/1\/wp-json\/wp\/v2\/tags?post=171334"}],"curies":[{"name":"wp","href":"https:\/\/api.w.org\/{rel}","templated":true}]}}