{"id":171337,"date":"2020-05-25T13:24:39","date_gmt":"2020-05-25T16:24:39","guid":{"rendered":"https:\/\/www.caririemacao.com\/1\/?p=171337"},"modified":"2020-05-25T13:24:39","modified_gmt":"2020-05-25T16:24:39","slug":"prefeitura-de-monteiro-oferece-apoio-com-psicologos-para-pacientes-e-familiares-em-monitoramento-pelo-covid-19","status":"publish","type":"post","link":"https:\/\/www.caririemacao.com\/1\/2020\/05\/25\/prefeitura-de-monteiro-oferece-apoio-com-psicologos-para-pacientes-e-familiares-em-monitoramento-pelo-covid-19\/","title":{"rendered":"Prefeitura de Monteiro oferece apoio com psic\u00f3logos para pacientes e familiares em monitoramento pelo COVID-19."},"content":{"rendered":"\n<p><br>A Prefeitura Municipal de Monteiro tem se preocupado com cada a\u00e7\u00e3o que possa vir a somar no momento de combate e preven\u00e7\u00e3o da pandemia do COVID-19 e tamb\u00e9m os seus efeitos.<\/p>\n\n\n\n<p><br>Desde as medidas da linha de frente, com a\u00e7\u00f5es executadas pela equipe da Secretaria de Sa\u00fade\u00a0 at\u00e9 as iniciativas de a\u00e7\u00e3o social, cada detalhe tem sido pensado e executado com o objetivo de amenizar os efeitos da crise.<\/p>\n\n\n\n<p><br>E \u00e9 com esta estrat\u00e9gia que a Prefeitura Municipal est\u00e1 oferecendo mais um servi\u00e7o, que \u00e9 o suporte psicol\u00f3gico para pacientes e familiares em monitoramento pelo COVID-19.<\/p>\n\n\n\n<p><br>O servi\u00e7o \u00e9 oferecido de Domingo \u00e0 Domingo, no hor\u00e1rio das 08 \u00e0s 11 da manh\u00e3, e das 13 \u00e0s 17 horas.<\/p>\n\n\n\n<p><br>O servi\u00e7o \u00e9 oferecido atrav\u00e9s de telefones por uma equipe altamente capacitada de psic\u00f3logos prontos para ouvir, orientar e apoiar este p\u00fablico alvo.<\/p>\n\n\n\n<p><br>A Secretaria de Sa\u00fade refor\u00e7a os apelos para que a popula\u00e7\u00e3o continue adotando as medidas de preven\u00e7\u00e3o, como distanciamento social, uso de m\u00e1scaras e \u00e1lcool 70%, entre outras orienta\u00e7\u00f5es.<\/p>\n\n\n\n<p><br>Entre em contato:Segunda: Gianny Gabriella (87) 99956-5234Ter\u00e7a: Eline Santa Cruz (83) 99349-1897Quarta: Sandro Riccely (83) 99642-2159Quinta: Ceclilya Lins (83) 99661-6341Sexta: Ranielly Cristina (83) 98854-1119S\u00e1bado: Jamila Paulino (83) 99968-3315Domingo: Iara Leal (83) 99623-3135<\/p>\n","protected":false},"excerpt":{"rendered":"<p>A Prefeitura Municipal de Monteiro tem se preocupado com cada a\u00e7\u00e3o que possa vir a somar no momento de combate e preven\u00e7\u00e3o da pandemia do&hellip; <\/p>\n","protected":false},"author":2,"featured_media":171338,"comment_status":"closed","ping_status":"closed","sticky":false,"template":"","format":"standard","meta":{"sfsi_plus_gutenberg_text_before_share":"","sfsi_plus_gutenberg_show_text_before_share":"","sfsi_plus_gutenberg_icon_type":"","sfsi_plus_gutenberg_icon_alignemt":"","sfsi_plus_gutenburg_max_per_row":"","footnotes":""},"categories":[6],"tags":[],"class_list":["post-171337","post","type-post","status-publish","format-standard","has-post-thumbnail","hentry","category-cidades"],"_links":{"self":[{"href":"https:\/\/www.caririemacao.com\/1\/wp-json\/wp\/v2\/posts\/171337","targetHints":{"allow":["GET"]}}],"collection":[{"href":"https:\/\/www.caririemacao.com\/1\/wp-json\/wp\/v2\/posts"}],"about":[{"href":"https:\/\/www.caririemacao.com\/1\/wp-json\/wp\/v2\/types\/post"}],"author":[{"embeddable":true,"href":"https:\/\/www.caririemacao.com\/1\/wp-json\/wp\/v2\/users\/2"}],"replies":[{"embeddable":true,"href":"https:\/\/www.caririemacao.com\/1\/wp-json\/wp\/v2\/comments?post=171337"}],"version-history":[{"count":1,"href":"https:\/\/www.caririemacao.com\/1\/wp-json\/wp\/v2\/posts\/171337\/revisions"}],"predecessor-version":[{"id":171339,"href":"https:\/\/www.caririemacao.com\/1\/wp-json\/wp\/v2\/posts\/171337\/revisions\/171339"}],"wp:featuredmedia":[{"embeddable":true,"href":"https:\/\/www.caririemacao.com\/1\/wp-json\/wp\/v2\/media\/171338"}],"wp:attachment":[{"href":"https:\/\/www.caririemacao.com\/1\/wp-json\/wp\/v2\/media?parent=171337"}],"wp:term":[{"taxonomy":"category","embeddable":true,"href":"https:\/\/www.caririemacao.com\/1\/wp-json\/wp\/v2\/categories?post=171337"},{"taxonomy":"post_tag","embeddable":true,"href":"https:\/\/www.caririemacao.com\/1\/wp-json\/wp\/v2\/tags?post=171337"}],"curies":[{"name":"wp","href":"https:\/\/api.w.org\/{rel}","templated":true}]}}