{"id":171341,"date":"2020-05-25T13:30:06","date_gmt":"2020-05-25T16:30:06","guid":{"rendered":"https:\/\/www.caririemacao.com\/1\/?p=171341"},"modified":"2020-05-25T13:30:06","modified_gmt":"2020-05-25T16:30:06","slug":"prefeitura-de-monteiro-mais-uma-vez-antecipa-pagamentos-dos-funcionarios-municipais","status":"publish","type":"post","link":"https:\/\/www.caririemacao.com\/1\/2020\/05\/25\/prefeitura-de-monteiro-mais-uma-vez-antecipa-pagamentos-dos-funcionarios-municipais\/","title":{"rendered":"Prefeitura de Monteiro mais uma vez antecipa pagamentos dos funcion\u00e1rios municipais"},"content":{"rendered":"\n<p>A Prefeitura de Monteiro, por meio da Secretaria de Finan\u00e7as, deu in\u00edcio ao pagamento da folha do funcionalismo municipal nesta segunda-feira, 25.<br>Os primeiros a receber os vencimentos s\u00e3o\u00a0\u00a0os pensionistas, inativos e aposentados.\u00a0\u00a0<\/p>\n\n\n\n<p><br>Nesta ter\u00e7a-feira, 26, recebem os profissionais lotados na Secretaria de Sa\u00fade. J\u00e1 na quarta-feira, 27, recebem os funcion\u00e1rios da Secretaria de Desenvolvimento Social, Montran e Cendov.\u00a0<\/p>\n\n\n\n<p><br>Os servidores lotados na Secretaria de Educa\u00e7\u00e3o recebem na quinta-feira e na sexta-feira os servidores das demais secretarias.<br>Os cr\u00e9ditos acontecem sempre ap\u00f3s o meio dia.<\/p>\n\n\n\n<p><br>Mesmo em meio \u00e0 crise em que o pa\u00eds enfrenta, e mais especificamente o munic\u00edpio de Monteiro, devido \u00e0 diminui\u00e7\u00e3o da arrecada\u00e7\u00e3o dos impostos, a prefeita Anna Lorena tem realizado o pagamento dos servidores dentro do m\u00eas trabalhado, assim como tem honrado o compromisso com os fornecedores.<\/p>\n","protected":false},"excerpt":{"rendered":"<p>A Prefeitura de Monteiro, por meio da Secretaria de Finan\u00e7as, deu in\u00edcio ao pagamento da folha do funcionalismo municipal nesta segunda-feira, 25.Os primeiros a receber&hellip; <\/p>\n","protected":false},"author":2,"featured_media":166468,"comment_status":"closed","ping_status":"closed","sticky":false,"template":"","format":"standard","meta":{"sfsi_plus_gutenberg_text_before_share":"","sfsi_plus_gutenberg_show_text_before_share":"","sfsi_plus_gutenberg_icon_type":"","sfsi_plus_gutenberg_icon_alignemt":"","sfsi_plus_gutenburg_max_per_row":"","footnotes":""},"categories":[6],"tags":[],"class_list":["post-171341","post","type-post","status-publish","format-standard","has-post-thumbnail","hentry","category-cidades"],"_links":{"self":[{"href":"https:\/\/www.caririemacao.com\/1\/wp-json\/wp\/v2\/posts\/171341","targetHints":{"allow":["GET"]}}],"collection":[{"href":"https:\/\/www.caririemacao.com\/1\/wp-json\/wp\/v2\/posts"}],"about":[{"href":"https:\/\/www.caririemacao.com\/1\/wp-json\/wp\/v2\/types\/post"}],"author":[{"embeddable":true,"href":"https:\/\/www.caririemacao.com\/1\/wp-json\/wp\/v2\/users\/2"}],"replies":[{"embeddable":true,"href":"https:\/\/www.caririemacao.com\/1\/wp-json\/wp\/v2\/comments?post=171341"}],"version-history":[{"count":1,"href":"https:\/\/www.caririemacao.com\/1\/wp-json\/wp\/v2\/posts\/171341\/revisions"}],"predecessor-version":[{"id":171342,"href":"https:\/\/www.caririemacao.com\/1\/wp-json\/wp\/v2\/posts\/171341\/revisions\/171342"}],"wp:featuredmedia":[{"embeddable":true,"href":"https:\/\/www.caririemacao.com\/1\/wp-json\/wp\/v2\/media\/166468"}],"wp:attachment":[{"href":"https:\/\/www.caririemacao.com\/1\/wp-json\/wp\/v2\/media?parent=171341"}],"wp:term":[{"taxonomy":"category","embeddable":true,"href":"https:\/\/www.caririemacao.com\/1\/wp-json\/wp\/v2\/categories?post=171341"},{"taxonomy":"post_tag","embeddable":true,"href":"https:\/\/www.caririemacao.com\/1\/wp-json\/wp\/v2\/tags?post=171341"}],"curies":[{"name":"wp","href":"https:\/\/api.w.org\/{rel}","templated":true}]}}