{"id":171359,"date":"2020-05-25T21:11:10","date_gmt":"2020-05-26T00:11:10","guid":{"rendered":"https:\/\/www.caririemacao.com\/1\/?p=171359"},"modified":"2020-05-25T21:11:10","modified_gmt":"2020-05-26T00:11:10","slug":"secretaria-de-saude-de-monteiro-confirma-mais-01-caso-de-covid-19-o-numero-sobe-para-19-casos-positivos","status":"publish","type":"post","link":"https:\/\/www.caririemacao.com\/1\/2020\/05\/25\/secretaria-de-saude-de-monteiro-confirma-mais-01-caso-de-covid-19-o-numero-sobe-para-19-casos-positivos\/","title":{"rendered":"Secretaria de Sa\u00fade de Monteiro confirma mais 01 caso de covid-19, o n\u00famero sobe para 19 casos positivos"},"content":{"rendered":"\n<p>Nota atualizada em 25\/05\/2020<\/p>\n\n\n\n<p>A Secretaria Municipal de Sa\u00fade de Monteiro informa que foram registrados mais um novo caso de COVID 19.<br>Trata-se de uma paciente do sexo feminino, 27 anos, sem comorbidades. Encontra-se em isolamento domiciliar acompanhada pela equipe de Vigil\u00e2ncia.<\/p>\n\n\n\n<p>Refor\u00e7amos a import\u00e2ncia de seguir as<br>orienta\u00e7\u00f5es do distanciamento social e demais medidas apresentadas pela Secretaria de Sa\u00fade.<\/p>\n","protected":false},"excerpt":{"rendered":"<p>Nota atualizada em 25\/05\/2020 A Secretaria Municipal de Sa\u00fade de Monteiro informa que foram registrados mais um novo caso de COVID 19.Trata-se de uma paciente&hellip; <\/p>\n","protected":false},"author":1,"featured_media":171360,"comment_status":"closed","ping_status":"closed","sticky":false,"template":"","format":"standard","meta":{"sfsi_plus_gutenberg_text_before_share":"","sfsi_plus_gutenberg_show_text_before_share":"","sfsi_plus_gutenberg_icon_type":"","sfsi_plus_gutenberg_icon_alignemt":"","sfsi_plus_gutenburg_max_per_row":"","footnotes":""},"categories":[6,50,16],"tags":[],"class_list":["post-171359","post","type-post","status-publish","format-standard","has-post-thumbnail","hentry","category-cidades","category-destaque","category-saude"],"_links":{"self":[{"href":"https:\/\/www.caririemacao.com\/1\/wp-json\/wp\/v2\/posts\/171359","targetHints":{"allow":["GET"]}}],"collection":[{"href":"https:\/\/www.caririemacao.com\/1\/wp-json\/wp\/v2\/posts"}],"about":[{"href":"https:\/\/www.caririemacao.com\/1\/wp-json\/wp\/v2\/types\/post"}],"author":[{"embeddable":true,"href":"https:\/\/www.caririemacao.com\/1\/wp-json\/wp\/v2\/users\/1"}],"replies":[{"embeddable":true,"href":"https:\/\/www.caririemacao.com\/1\/wp-json\/wp\/v2\/comments?post=171359"}],"version-history":[{"count":1,"href":"https:\/\/www.caririemacao.com\/1\/wp-json\/wp\/v2\/posts\/171359\/revisions"}],"predecessor-version":[{"id":171361,"href":"https:\/\/www.caririemacao.com\/1\/wp-json\/wp\/v2\/posts\/171359\/revisions\/171361"}],"wp:featuredmedia":[{"embeddable":true,"href":"https:\/\/www.caririemacao.com\/1\/wp-json\/wp\/v2\/media\/171360"}],"wp:attachment":[{"href":"https:\/\/www.caririemacao.com\/1\/wp-json\/wp\/v2\/media?parent=171359"}],"wp:term":[{"taxonomy":"category","embeddable":true,"href":"https:\/\/www.caririemacao.com\/1\/wp-json\/wp\/v2\/categories?post=171359"},{"taxonomy":"post_tag","embeddable":true,"href":"https:\/\/www.caririemacao.com\/1\/wp-json\/wp\/v2\/tags?post=171359"}],"curies":[{"name":"wp","href":"https:\/\/api.w.org\/{rel}","templated":true}]}}