{"id":171362,"date":"2020-05-25T21:30:52","date_gmt":"2020-05-26T00:30:52","guid":{"rendered":"https:\/\/www.caririemacao.com\/1\/?p=171362"},"modified":"2020-05-25T21:30:52","modified_gmt":"2020-05-26T00:30:52","slug":"secretaria-de-saude-de-ouro-velho-divulga-boletim-atualizado-do-covid-19","status":"publish","type":"post","link":"https:\/\/www.caririemacao.com\/1\/2020\/05\/25\/secretaria-de-saude-de-ouro-velho-divulga-boletim-atualizado-do-covid-19\/","title":{"rendered":"Secretaria de Sa\u00fade de Ouro Velho divulga boletim atualizado do Covid-19"},"content":{"rendered":"\n<p>A Secretaria Municipal de Sa\u00fade do munic\u00edpio de Ouro Velho divulgou um novo boletim atualizado, nesta segunda-feira 25, sobre casos de covid-19 no munic\u00edpio.<\/p>\n\n\n\n<p>No novo boletim atualizado apresenta um quadro com  31 pessoas na quarentena domiciliar monitoradas, 57 no monitoramento domiciliar conclu\u00eddo, e nenhum caso investiga\u00e7\u00e3o. H\u00e1 01 caso descartado swab, 14 descartados em teste r\u00e1pidos ap\u00f3s 10 dias, 01 caso confirmado, nenhum caso recuperado e nenhum \u00f3bito por covid-19. <\/p>\n","protected":false},"excerpt":{"rendered":"<p>A Secretaria Municipal de Sa\u00fade do munic\u00edpio de Ouro Velho divulgou um novo boletim atualizado, nesta segunda-feira 25, sobre casos de covid-19 no munic\u00edpio. No&hellip; <\/p>\n","protected":false},"author":1,"featured_media":171364,"comment_status":"closed","ping_status":"closed","sticky":false,"template":"","format":"standard","meta":{"sfsi_plus_gutenberg_text_before_share":"","sfsi_plus_gutenberg_show_text_before_share":"","sfsi_plus_gutenberg_icon_type":"","sfsi_plus_gutenberg_icon_alignemt":"","sfsi_plus_gutenburg_max_per_row":"","footnotes":""},"categories":[6,14,16],"tags":[],"class_list":["post-171362","post","type-post","status-publish","format-standard","has-post-thumbnail","hentry","category-cidades","category-educacao","category-saude"],"_links":{"self":[{"href":"https:\/\/www.caririemacao.com\/1\/wp-json\/wp\/v2\/posts\/171362","targetHints":{"allow":["GET"]}}],"collection":[{"href":"https:\/\/www.caririemacao.com\/1\/wp-json\/wp\/v2\/posts"}],"about":[{"href":"https:\/\/www.caririemacao.com\/1\/wp-json\/wp\/v2\/types\/post"}],"author":[{"embeddable":true,"href":"https:\/\/www.caririemacao.com\/1\/wp-json\/wp\/v2\/users\/1"}],"replies":[{"embeddable":true,"href":"https:\/\/www.caririemacao.com\/1\/wp-json\/wp\/v2\/comments?post=171362"}],"version-history":[{"count":1,"href":"https:\/\/www.caririemacao.com\/1\/wp-json\/wp\/v2\/posts\/171362\/revisions"}],"predecessor-version":[{"id":171365,"href":"https:\/\/www.caririemacao.com\/1\/wp-json\/wp\/v2\/posts\/171362\/revisions\/171365"}],"wp:featuredmedia":[{"embeddable":true,"href":"https:\/\/www.caririemacao.com\/1\/wp-json\/wp\/v2\/media\/171364"}],"wp:attachment":[{"href":"https:\/\/www.caririemacao.com\/1\/wp-json\/wp\/v2\/media?parent=171362"}],"wp:term":[{"taxonomy":"category","embeddable":true,"href":"https:\/\/www.caririemacao.com\/1\/wp-json\/wp\/v2\/categories?post=171362"},{"taxonomy":"post_tag","embeddable":true,"href":"https:\/\/www.caririemacao.com\/1\/wp-json\/wp\/v2\/tags?post=171362"}],"curies":[{"name":"wp","href":"https:\/\/api.w.org\/{rel}","templated":true}]}}