{"id":171377,"date":"2020-05-26T06:15:58","date_gmt":"2020-05-26T09:15:58","guid":{"rendered":"https:\/\/www.caririemacao.com\/1\/?p=171377"},"modified":"2020-05-26T06:15:58","modified_gmt":"2020-05-26T09:15:58","slug":"populismo-de-bolsonaro-esta-levando-o-brasil-ao-desastre-diz-jornal-britanico-financial-times","status":"publish","type":"post","link":"https:\/\/www.caririemacao.com\/1\/2020\/05\/26\/populismo-de-bolsonaro-esta-levando-o-brasil-ao-desastre-diz-jornal-britanico-financial-times\/","title":{"rendered":"\u2018Populismo de Bolsonaro est\u00e1 levando o Brasil ao desastre\u2019, diz jornal brit\u00e2nico Financial Times"},"content":{"rendered":"\n<p>O\u00a0jornal brit\u00e2nico Financial Times\u00a0publicou nesta segunda-feira (25) um artigo que aponta o presidente da Rep\u00fablica Jair Bolsonaro como co-respons\u00e1vel por levar o Brasil a ser o\u00a0novo epicentro da pandemia\u00a0do coronav\u00edrus no mundo.<\/p>\n\n\n\n<p>Em artigo\u00a0<u>assinado<\/u>\u00a0pelo jornalista Gideon Rachman, a publica\u00e7\u00e3o do Times diz ainda que a atua\u00e7\u00e3o de Jair Bolsonaro no combate \u00e0 pandemia da Covid-19 \u00e9 semelhante \u00e0 posi\u00e7\u00e3o do\u00a0<u>presidente norte-americano Donald Trump<\/u>\u00a0no que diz respeito ao apoio do uso da\u00a0cloroquina, mas destaca que a abordagem de Bolsonaro \u00e9 \u201cainda mais\u00a0irrespons\u00e1vel e perigosa\u201c.<\/p>\n\n\n\n<p>\u201cAmbos os l\u00edderes ficaram obcecados com as propriedades supostamente curativas da droga antimal\u00e1rica hidroxicloroquina. Mas enquanto Trump est\u00e1 apenas tomando o produto, Bolsonaro for\u00e7ou o Minist\u00e9rio da Sa\u00fade brasileiro a emitir novas diretrizes, recomendando o medicamento para pacientes com coronav\u00edrus\u201d, diz a publica\u00e7\u00e3o.<\/p>\n\n\n\n<p>De acordo com o colunista, o \u201cBrasil j\u00e1 est\u00e1 pagando um pre\u00e7o alto pelas palha\u00e7adas de seu presidente\u201d e \u201cas coisas est\u00e3o piorando rapidamente\u201d.<\/p>\n\n\n\n<p>Lembrando que o Brasil tem a&nbsp;segunda maior taxa de infec\u00e7\u00e3o do mundo&nbsp;e a sexta maior taxa de mortes por Covid-19, o artigo destaca que o n\u00famero de mortes no pa\u00eds atualmente vem dobrando a cada duas semanas.<\/p>\n\n\n\n<p>\u201cNo estilo populista cl\u00e1ssico, ele vive da pol\u00edtica da divis\u00e3o. O Brasil j\u00e1 \u00e9 um pa\u00eds profundamente polarizado, onde as teorias da conspira\u00e7\u00e3o s\u00e3o abundantes. As mortes e o desemprego causados \u200b\u200bpela COVID-19 s\u00e3o exacerbados pela&nbsp;lideran\u00e7a de Bolsonaro. Mas, perversamente, um desastre econ\u00f4mico e de sa\u00fade poderia criar um ambiente ainda mais hospitaleiro para a pol\u00edtica do medo e da irracionalidade\u201d, completa a publica\u00e7\u00e3o.<\/p>\n\n\n\n<p>De acordo com o mais recente balan\u00e7o de casos de COVID-19 do Minist\u00e9rio da Sa\u00fade, divulgado no \u00faltimo domingo (24), o Brasil chegou \u00e0 marca de 22.666 mortos e 363.211 casos confirmados de coronav\u00edrus.<\/p>\n","protected":false},"excerpt":{"rendered":"<p>O\u00a0jornal brit\u00e2nico Financial Times\u00a0publicou nesta segunda-feira (25) um artigo que aponta o presidente da Rep\u00fablica Jair Bolsonaro como co-respons\u00e1vel por levar o Brasil a ser&hellip; <\/p>\n","protected":false},"author":2,"featured_media":171378,"comment_status":"closed","ping_status":"closed","sticky":false,"template":"","format":"standard","meta":{"sfsi_plus_gutenberg_text_before_share":"","sfsi_plus_gutenberg_show_text_before_share":"","sfsi_plus_gutenberg_icon_type":"","sfsi_plus_gutenberg_icon_alignemt":"","sfsi_plus_gutenburg_max_per_row":"","footnotes":""},"categories":[11],"tags":[],"class_list":["post-171377","post","type-post","status-publish","format-standard","has-post-thumbnail","hentry","category-politica"],"_links":{"self":[{"href":"https:\/\/www.caririemacao.com\/1\/wp-json\/wp\/v2\/posts\/171377","targetHints":{"allow":["GET"]}}],"collection":[{"href":"https:\/\/www.caririemacao.com\/1\/wp-json\/wp\/v2\/posts"}],"about":[{"href":"https:\/\/www.caririemacao.com\/1\/wp-json\/wp\/v2\/types\/post"}],"author":[{"embeddable":true,"href":"https:\/\/www.caririemacao.com\/1\/wp-json\/wp\/v2\/users\/2"}],"replies":[{"embeddable":true,"href":"https:\/\/www.caririemacao.com\/1\/wp-json\/wp\/v2\/comments?post=171377"}],"version-history":[{"count":1,"href":"https:\/\/www.caririemacao.com\/1\/wp-json\/wp\/v2\/posts\/171377\/revisions"}],"predecessor-version":[{"id":171379,"href":"https:\/\/www.caririemacao.com\/1\/wp-json\/wp\/v2\/posts\/171377\/revisions\/171379"}],"wp:featuredmedia":[{"embeddable":true,"href":"https:\/\/www.caririemacao.com\/1\/wp-json\/wp\/v2\/media\/171378"}],"wp:attachment":[{"href":"https:\/\/www.caririemacao.com\/1\/wp-json\/wp\/v2\/media?parent=171377"}],"wp:term":[{"taxonomy":"category","embeddable":true,"href":"https:\/\/www.caririemacao.com\/1\/wp-json\/wp\/v2\/categories?post=171377"},{"taxonomy":"post_tag","embeddable":true,"href":"https:\/\/www.caririemacao.com\/1\/wp-json\/wp\/v2\/tags?post=171377"}],"curies":[{"name":"wp","href":"https:\/\/api.w.org\/{rel}","templated":true}]}}