{"id":171381,"date":"2020-05-26T06:19:37","date_gmt":"2020-05-26T09:19:37","guid":{"rendered":"https:\/\/www.caririemacao.com\/1\/?p=171381"},"modified":"2020-05-26T06:19:37","modified_gmt":"2020-05-26T09:19:37","slug":"bolsonaro-sanciona-com-vetos-lei-que-transforma-embratur-em-agencia-autonoma","status":"publish","type":"post","link":"https:\/\/www.caririemacao.com\/1\/2020\/05\/26\/bolsonaro-sanciona-com-vetos-lei-que-transforma-embratur-em-agencia-autonoma\/","title":{"rendered":"Bolsonaro sanciona com vetos lei que transforma Embratur em ag\u00eancia aut\u00f4noma"},"content":{"rendered":"\n<p>O presidente Jair Bolsonaro sancionou a medida que transforma a Embratur (Instituto Brasileiro de Turismo) em ag\u00eancia aut\u00f4noma. Trechos da proposta foram vetados e retornar\u00e3o ao Congresso para an\u00e1lise dos parlamentares.<\/p>\n\n\n\n<p>A san\u00e7\u00e3o parcial foi publicada no Di\u00e1rio Oficial da Uni\u00e3o desta segunda-feira (25). A lei \u00e9 fruto de uma MP (medida provis\u00f3ria) editada pelo governo.<\/p>\n\n\n\n<p>O texto original atacava duramente as fontes de receita do Sebrae, que recebia 85,75% do adicional da Cide (Contribui\u00e7\u00e3o de Interven\u00e7\u00e3o no Dom\u00ednio Econ\u00f4mico) repassado ao Sistema S. A iniciativa assinada por Bolsonaro deslocou 15,75% desse bolo para ajudar a financiar a Embratur.<\/p>\n\n\n\n<p>Diante da press\u00e3o do Sebrae, o texto foi mudado. Na vota\u00e7\u00e3o, essa fonte de financiamento foi suprimida.<\/p>\n\n\n\n<p>Sem a Cide, far\u00e3o parte do or\u00e7amento pr\u00f3prio da Embratur recursos que a ag\u00eancia receber de contratos assinados com organismos internacionais e entidades p\u00fablicas ou privadas, receitas de presta\u00e7\u00e3o de servi\u00e7os que executar e rendimentos de aplica\u00e7\u00f5es financeiras aprovadas pelo conselho deliberativo.<\/p>\n\n\n\n<p>Ela tamb\u00e9m contar\u00e1 com doa\u00e7\u00f5es, recursos de decis\u00f5es judiciais e dinheiro designado por legisla\u00e7\u00e3o espec\u00edfica para a ag\u00eancia.<\/p>\n\n\n\n<p>Entre os trechos vetados por Bolsonaro est\u00e1 o que transfere recursos do Fnac (Fundo Nacional da Avia\u00e7\u00e3o Civil) ao Fungetur (Fundo Geral de Turismo). O governo argumenta que a medida geraria impacto econ\u00f4mico negativo para o mercado de transporte a\u00e9reo.<\/p>\n\n\n\n<p>Tamb\u00e9m foram vetados os dispositivos que prorrogariam benef\u00edcios tribut\u00e1rios a pessoas e empresas que fazem remessas para o exterior e a contratos de leasing de aeronaves. Foi usado o argumento de que o Congresso n\u00e3o indicou estimativa de impacto ou fontes de compensa\u00e7\u00e3o dessas perdas.<\/p>\n\n\n\n<p>O presidente ainda vetou trecho que colocaria deputados de comiss\u00f5es da C\u00e2mara no conselho deliberativo da Embratur.<\/p>\n\n\n\n<p>O governo justifica que a medida inclui membros no conselho sem correla\u00e7\u00e3o com os per\u00edodos de mandato dos parlamentares, dando a eles atribui\u00e7\u00f5es pr\u00f3prias do Poder Executivo.<\/p>\n","protected":false},"excerpt":{"rendered":"<p>O presidente Jair Bolsonaro sancionou a medida que transforma a Embratur (Instituto Brasileiro de Turismo) em ag\u00eancia aut\u00f4noma. Trechos da proposta foram vetados e retornar\u00e3o&hellip; <\/p>\n","protected":false},"author":2,"featured_media":169700,"comment_status":"closed","ping_status":"closed","sticky":false,"template":"","format":"standard","meta":{"sfsi_plus_gutenberg_text_before_share":"","sfsi_plus_gutenberg_show_text_before_share":"","sfsi_plus_gutenberg_icon_type":"","sfsi_plus_gutenberg_icon_alignemt":"","sfsi_plus_gutenburg_max_per_row":"","footnotes":""},"categories":[11],"tags":[],"class_list":["post-171381","post","type-post","status-publish","format-standard","has-post-thumbnail","hentry","category-politica"],"_links":{"self":[{"href":"https:\/\/www.caririemacao.com\/1\/wp-json\/wp\/v2\/posts\/171381","targetHints":{"allow":["GET"]}}],"collection":[{"href":"https:\/\/www.caririemacao.com\/1\/wp-json\/wp\/v2\/posts"}],"about":[{"href":"https:\/\/www.caririemacao.com\/1\/wp-json\/wp\/v2\/types\/post"}],"author":[{"embeddable":true,"href":"https:\/\/www.caririemacao.com\/1\/wp-json\/wp\/v2\/users\/2"}],"replies":[{"embeddable":true,"href":"https:\/\/www.caririemacao.com\/1\/wp-json\/wp\/v2\/comments?post=171381"}],"version-history":[{"count":1,"href":"https:\/\/www.caririemacao.com\/1\/wp-json\/wp\/v2\/posts\/171381\/revisions"}],"predecessor-version":[{"id":171382,"href":"https:\/\/www.caririemacao.com\/1\/wp-json\/wp\/v2\/posts\/171381\/revisions\/171382"}],"wp:featuredmedia":[{"embeddable":true,"href":"https:\/\/www.caririemacao.com\/1\/wp-json\/wp\/v2\/media\/169700"}],"wp:attachment":[{"href":"https:\/\/www.caririemacao.com\/1\/wp-json\/wp\/v2\/media?parent=171381"}],"wp:term":[{"taxonomy":"category","embeddable":true,"href":"https:\/\/www.caririemacao.com\/1\/wp-json\/wp\/v2\/categories?post=171381"},{"taxonomy":"post_tag","embeddable":true,"href":"https:\/\/www.caririemacao.com\/1\/wp-json\/wp\/v2\/tags?post=171381"}],"curies":[{"name":"wp","href":"https:\/\/api.w.org\/{rel}","templated":true}]}}