{"id":171384,"date":"2020-05-26T06:21:30","date_gmt":"2020-05-26T09:21:30","guid":{"rendered":"https:\/\/www.caririemacao.com\/1\/?p=171384"},"modified":"2020-05-26T06:21:30","modified_gmt":"2020-05-26T09:21:30","slug":"povo-quer-liberdade-e-democracia-afirma-bolsonaro-apos-manifestacao","status":"publish","type":"post","link":"https:\/\/www.caririemacao.com\/1\/2020\/05\/26\/povo-quer-liberdade-e-democracia-afirma-bolsonaro-apos-manifestacao\/","title":{"rendered":"&#8216;Povo quer liberdade e democracia&#8217;, afirma Bolsonaro ap\u00f3s manifesta\u00e7\u00e3o"},"content":{"rendered":"\n<p>O presidente Jair Bolsonaro afirmou, nesta segunda-feira (25), em entrevista exlusiva \u00e0 Record TV, que a manifesta\u00e7\u00e3o do \u00faltimo domingo foi espont\u00e2nea porque o povo quer \u201cliberdade e democracia\u201d.<\/p>\n\n\n\n<p>&#8220;Mais uma [manifesta\u00e7\u00e3o] espont\u00e2nea. [\u00c9] sinal de que o povo quer liberdade, quer democracia e quer que deixem o presidente trabalhar. S\u00f3 isso&#8221;, resumiu o presidente quando perguntado sobre o ato.<\/p>\n\n\n\n<p>Ontem, Bolsonaro sobrevoou de helic\u00f3ptero o ato, postou as imagens nas redes sociais e, depois, caminhou por cerca de 40 minutos entre os manifestantes.<\/p>\n\n\n\n<p>Questionado se pretendia trocar o ministro da Educa\u00e7\u00e3o, Abraham Weintraub, Bolsonaro preferiu n\u00e3o comentar. No v\u00eddeo da reuni\u00e3o ministerial, divulgado na \u00faltima sexta-feira (22), Weintraub fez cr\u00edticas aos ministros do STF (Supremo Tribunal Federal), os quais ele &#8220;colocaria na cadeia&#8221;, se pudesse.<\/p>\n\n\n\n<p>&#8220;N\u00e3o tem conversa sobre outro assunto. Acabou a entrevista&#8221;, disse o presidente.<\/p>\n\n\n\n<p>As \u00faltimas palavras de Bolsonaro foram sobre a san\u00e7\u00e3o do projeto de socorro de estados e munic\u00edpios, da ordem de R$ 60 bilh\u00f5es. O presidente disse que a san\u00e7\u00e3o depende apenas da defini\u00e7\u00e3o de dois concursos p\u00fablicos para o projeto sair do papel. &#8220;Est\u00e1 faltando acertar com aquele concurso da Pol\u00edcia Federal e PRF para a gente sancionar&#8221;, encerrou.<\/p>\n","protected":false},"excerpt":{"rendered":"<p>O presidente Jair Bolsonaro afirmou, nesta segunda-feira (25), em entrevista exlusiva \u00e0 Record TV, que a manifesta\u00e7\u00e3o do \u00faltimo domingo foi espont\u00e2nea porque o povo&hellip; <\/p>\n","protected":false},"author":2,"featured_media":171385,"comment_status":"closed","ping_status":"closed","sticky":false,"template":"","format":"standard","meta":{"sfsi_plus_gutenberg_text_before_share":"","sfsi_plus_gutenberg_show_text_before_share":"","sfsi_plus_gutenberg_icon_type":"","sfsi_plus_gutenberg_icon_alignemt":"","sfsi_plus_gutenburg_max_per_row":"","footnotes":""},"categories":[11],"tags":[],"class_list":["post-171384","post","type-post","status-publish","format-standard","has-post-thumbnail","hentry","category-politica"],"_links":{"self":[{"href":"https:\/\/www.caririemacao.com\/1\/wp-json\/wp\/v2\/posts\/171384","targetHints":{"allow":["GET"]}}],"collection":[{"href":"https:\/\/www.caririemacao.com\/1\/wp-json\/wp\/v2\/posts"}],"about":[{"href":"https:\/\/www.caririemacao.com\/1\/wp-json\/wp\/v2\/types\/post"}],"author":[{"embeddable":true,"href":"https:\/\/www.caririemacao.com\/1\/wp-json\/wp\/v2\/users\/2"}],"replies":[{"embeddable":true,"href":"https:\/\/www.caririemacao.com\/1\/wp-json\/wp\/v2\/comments?post=171384"}],"version-history":[{"count":1,"href":"https:\/\/www.caririemacao.com\/1\/wp-json\/wp\/v2\/posts\/171384\/revisions"}],"predecessor-version":[{"id":171386,"href":"https:\/\/www.caririemacao.com\/1\/wp-json\/wp\/v2\/posts\/171384\/revisions\/171386"}],"wp:featuredmedia":[{"embeddable":true,"href":"https:\/\/www.caririemacao.com\/1\/wp-json\/wp\/v2\/media\/171385"}],"wp:attachment":[{"href":"https:\/\/www.caririemacao.com\/1\/wp-json\/wp\/v2\/media?parent=171384"}],"wp:term":[{"taxonomy":"category","embeddable":true,"href":"https:\/\/www.caririemacao.com\/1\/wp-json\/wp\/v2\/categories?post=171384"},{"taxonomy":"post_tag","embeddable":true,"href":"https:\/\/www.caririemacao.com\/1\/wp-json\/wp\/v2\/tags?post=171384"}],"curies":[{"name":"wp","href":"https:\/\/api.w.org\/{rel}","templated":true}]}}