{"id":171388,"date":"2020-05-26T06:34:02","date_gmt":"2020-05-26T09:34:02","guid":{"rendered":"https:\/\/www.caririemacao.com\/1\/?p=171388"},"modified":"2020-05-26T06:34:02","modified_gmt":"2020-05-26T09:34:02","slug":"paraiba-iniciara-tratamento-com-plasma-convalescente-em-pacientes-com-covid-19","status":"publish","type":"post","link":"https:\/\/www.caririemacao.com\/1\/2020\/05\/26\/paraiba-iniciara-tratamento-com-plasma-convalescente-em-pacientes-com-covid-19\/","title":{"rendered":"Para\u00edba iniciar\u00e1 tratamento com plasma convalescente em pacientes com Covid-19"},"content":{"rendered":"\n<p>O secret\u00e1rio de Sa\u00fade da Para\u00edba, Geraldo Medeiros, afirmou que a infus\u00e3o de plasma convalescente em pacientes com Covid-19 vai come\u00e7ar a ser testada esta semana. Ele explicou que a a\u00e7\u00e3o foi autorizada pelo Conselho de \u00c9tica e \u00e9 uma parceria entre a Universidade Federal da Para\u00edba, o Hemocentro de Jo\u00e3o Pessoa e a Secretaria de Sa\u00fade do Estado.<\/p>\n\n\n\n<p>Segundo Geraldo, o plasma sangu\u00edneo \u00e9 retirado de um paciente que se curou da Covid-19 e infundido em um paciente que ainda est\u00e1 lutando contra a doen\u00e7a.<\/p>\n\n\n\n<p>Geraldo destacou que um teste ser\u00e1 feito em 100 pacientes graves para verificar se h\u00e1 evid\u00eancia cient\u00edfica da efic\u00e1cia do tratamento.<\/p>\n\n\n\n<p>\u2013 O sangue \u00e9 retirado e o plasma \u00e9 infundido em um paciente. Teremos uma defini\u00e7\u00e3o se h\u00e1 efetividade. Precisamos entender se existe evid\u00eancia cient\u00edfica no uso de plasma convalescente \u2013 disse.<\/p>\n","protected":false},"excerpt":{"rendered":"<p>O secret\u00e1rio de Sa\u00fade da Para\u00edba, Geraldo Medeiros, afirmou que a infus\u00e3o de plasma convalescente em pacientes com Covid-19 vai come\u00e7ar a ser testada esta&hellip; <\/p>\n","protected":false},"author":2,"featured_media":170652,"comment_status":"closed","ping_status":"closed","sticky":false,"template":"","format":"standard","meta":{"sfsi_plus_gutenberg_text_before_share":"","sfsi_plus_gutenberg_show_text_before_share":"","sfsi_plus_gutenberg_icon_type":"","sfsi_plus_gutenberg_icon_alignemt":"","sfsi_plus_gutenburg_max_per_row":"","footnotes":""},"categories":[16],"tags":[],"class_list":["post-171388","post","type-post","status-publish","format-standard","has-post-thumbnail","hentry","category-saude"],"_links":{"self":[{"href":"https:\/\/www.caririemacao.com\/1\/wp-json\/wp\/v2\/posts\/171388","targetHints":{"allow":["GET"]}}],"collection":[{"href":"https:\/\/www.caririemacao.com\/1\/wp-json\/wp\/v2\/posts"}],"about":[{"href":"https:\/\/www.caririemacao.com\/1\/wp-json\/wp\/v2\/types\/post"}],"author":[{"embeddable":true,"href":"https:\/\/www.caririemacao.com\/1\/wp-json\/wp\/v2\/users\/2"}],"replies":[{"embeddable":true,"href":"https:\/\/www.caririemacao.com\/1\/wp-json\/wp\/v2\/comments?post=171388"}],"version-history":[{"count":1,"href":"https:\/\/www.caririemacao.com\/1\/wp-json\/wp\/v2\/posts\/171388\/revisions"}],"predecessor-version":[{"id":171389,"href":"https:\/\/www.caririemacao.com\/1\/wp-json\/wp\/v2\/posts\/171388\/revisions\/171389"}],"wp:featuredmedia":[{"embeddable":true,"href":"https:\/\/www.caririemacao.com\/1\/wp-json\/wp\/v2\/media\/170652"}],"wp:attachment":[{"href":"https:\/\/www.caririemacao.com\/1\/wp-json\/wp\/v2\/media?parent=171388"}],"wp:term":[{"taxonomy":"category","embeddable":true,"href":"https:\/\/www.caririemacao.com\/1\/wp-json\/wp\/v2\/categories?post=171388"},{"taxonomy":"post_tag","embeddable":true,"href":"https:\/\/www.caririemacao.com\/1\/wp-json\/wp\/v2\/tags?post=171388"}],"curies":[{"name":"wp","href":"https:\/\/api.w.org\/{rel}","templated":true}]}}