{"id":171393,"date":"2020-05-26T06:38:07","date_gmt":"2020-05-26T09:38:07","guid":{"rendered":"https:\/\/www.caririemacao.com\/1\/?p=171393"},"modified":"2020-05-26T06:38:07","modified_gmt":"2020-05-26T09:38:07","slug":"recuperado-de-covid-19-sikera-jr-invade-estudio-do-alerta-nacional-com-trator","status":"publish","type":"post","link":"https:\/\/www.caririemacao.com\/1\/2020\/05\/26\/recuperado-de-covid-19-sikera-jr-invade-estudio-do-alerta-nacional-com-trator\/","title":{"rendered":"Recuperado de covid-19, Sik\u00eara Jr. invade est\u00fadio do Alerta Nacional com trator"},"content":{"rendered":"\n<p>O apresentador Sik\u00eara Jr., rec\u00e9m recuperado de covid-19, retornou nesta segunda-feira (25) para apresentar o programa Alerta Nacional, na RedeTV!, de forma inusitada: em um trator.<\/p>\n\n\n\n<p>A TV Cr\u00edtica havia publicado\u00a0nas redes sociais\u00a0uma nota firmando que Sik\u00eara Jr. s\u00f3 retornaria a apresentar o programa a partir do dia 27\/05.<\/p>\n\n\n\n<p>\u201cS\u00f3 deus sabe o que \u00e9 passar por essa doen\u00e7a \u00e9 terr\u00edvel. S\u00f3 deus sabe o que passei\u201d, confessou o apresentador, que chegou a depender de um aparelho respirat\u00f3rio.<\/p>\n\n\n\n<p>\u201cAlgumas pessoas disseram que paguei com a l\u00edngua. Achei que era uma coisa mais simples. N\u00e3o \u00e9, n\u00e3o. Mas, se voc\u00ea pode ficar em casa, fique. Se voc\u00ea n\u00e3o pode, v\u00e1 trabalhar&#8221;, indicou.<\/p>\n\n\n\n<p>\u201c\u00c9 muito f\u00e1cil voc\u00ea estar no seu apartamento, vendo Netflix e pedindo comida. Vai na favela, vai nas comunidades [passar a quarentena]\u201d, declarou.<\/p>\n","protected":false},"excerpt":{"rendered":"<p>O apresentador Sik\u00eara Jr., rec\u00e9m recuperado de covid-19, retornou nesta segunda-feira (25) para apresentar o programa Alerta Nacional, na RedeTV!, de forma inusitada: em um&hellip; <\/p>\n","protected":false},"author":2,"featured_media":171395,"comment_status":"closed","ping_status":"closed","sticky":false,"template":"","format":"standard","meta":{"sfsi_plus_gutenberg_text_before_share":"","sfsi_plus_gutenberg_show_text_before_share":"","sfsi_plus_gutenberg_icon_type":"","sfsi_plus_gutenberg_icon_alignemt":"","sfsi_plus_gutenburg_max_per_row":"","footnotes":""},"categories":[2],"tags":[],"class_list":["post-171393","post","type-post","status-publish","format-standard","has-post-thumbnail","hentry","category-geral"],"_links":{"self":[{"href":"https:\/\/www.caririemacao.com\/1\/wp-json\/wp\/v2\/posts\/171393","targetHints":{"allow":["GET"]}}],"collection":[{"href":"https:\/\/www.caririemacao.com\/1\/wp-json\/wp\/v2\/posts"}],"about":[{"href":"https:\/\/www.caririemacao.com\/1\/wp-json\/wp\/v2\/types\/post"}],"author":[{"embeddable":true,"href":"https:\/\/www.caririemacao.com\/1\/wp-json\/wp\/v2\/users\/2"}],"replies":[{"embeddable":true,"href":"https:\/\/www.caririemacao.com\/1\/wp-json\/wp\/v2\/comments?post=171393"}],"version-history":[{"count":1,"href":"https:\/\/www.caririemacao.com\/1\/wp-json\/wp\/v2\/posts\/171393\/revisions"}],"predecessor-version":[{"id":171396,"href":"https:\/\/www.caririemacao.com\/1\/wp-json\/wp\/v2\/posts\/171393\/revisions\/171396"}],"wp:featuredmedia":[{"embeddable":true,"href":"https:\/\/www.caririemacao.com\/1\/wp-json\/wp\/v2\/media\/171395"}],"wp:attachment":[{"href":"https:\/\/www.caririemacao.com\/1\/wp-json\/wp\/v2\/media?parent=171393"}],"wp:term":[{"taxonomy":"category","embeddable":true,"href":"https:\/\/www.caririemacao.com\/1\/wp-json\/wp\/v2\/categories?post=171393"},{"taxonomy":"post_tag","embeddable":true,"href":"https:\/\/www.caririemacao.com\/1\/wp-json\/wp\/v2\/tags?post=171393"}],"curies":[{"name":"wp","href":"https:\/\/api.w.org\/{rel}","templated":true}]}}