{"id":171394,"date":"2020-05-26T06:40:04","date_gmt":"2020-05-26T09:40:04","guid":{"rendered":"https:\/\/www.caririemacao.com\/1\/?p=171394"},"modified":"2020-05-26T06:40:04","modified_gmt":"2020-05-26T09:40:04","slug":"secretaria-de-saude-de-amparo-divulga-novo-boletim-atualizado-do-covid-19","status":"publish","type":"post","link":"https:\/\/www.caririemacao.com\/1\/2020\/05\/26\/secretaria-de-saude-de-amparo-divulga-novo-boletim-atualizado-do-covid-19\/","title":{"rendered":"Secretaria de Sa\u00fade de Amparo divulga novo boletim atualizado do Covid-19"},"content":{"rendered":"\n<p><em>Boletim Epidemiol\u00f3gico<\/em><br><em>25\/05\/2020, Amparo-PB<\/em><\/p>\n\n\n\n<p><em>A Secretaria de Sa\u00fade de Amparo informa:<\/em><\/p>\n\n\n\n<p><em>QUATRO<\/em> pessoas testaram <em>Negativo para COVID-19<\/em><br><em>DOIS<\/em> profissionais de sa\u00fade e <em>DOIS<\/em> cidad\u00e3os. Dentre eles, <em>dois n\u00e3o constavam na nossa lista de investiga\u00e7\u00e3o<\/em> e ao serem notificados j\u00e1 estavam dentro da janela de realiza\u00e7\u00e3o do teste.<\/p>\n\n\n\n<p>Mais <em>uma pessoa<\/em> foi notificada no dia de hoje, orientada em permanecer em quarentena at\u00e9 a data do exame.<\/p>\n\n\n\n<p>A Secretaria de Sa\u00fade refor\u00e7a a import\u00e2ncia do Isolamento Social, manter distanciamento, al\u00e9m de medidas gerais de preven\u00e7\u00e3o, como tamb\u00e9m uso obrigat\u00f3rio de m\u00e1scaras de acordo com Decreto Estadual e Municipal.<\/p>\n\n\n\n<p><em>N\u00e3o compartilhe fake news. Siga nossas redes sociais oficiais.<\/em><\/p>\n","protected":false},"excerpt":{"rendered":"<p>Boletim Epidemiol\u00f3gico25\/05\/2020, Amparo-PB A Secretaria de Sa\u00fade de Amparo informa: QUATRO pessoas testaram Negativo para COVID-19DOIS profissionais de sa\u00fade e DOIS cidad\u00e3os. Dentre eles, dois&hellip; <\/p>\n","protected":false},"author":1,"featured_media":171398,"comment_status":"closed","ping_status":"closed","sticky":false,"template":"","format":"standard","meta":{"sfsi_plus_gutenberg_text_before_share":"","sfsi_plus_gutenberg_show_text_before_share":"","sfsi_plus_gutenberg_icon_type":"","sfsi_plus_gutenberg_icon_alignemt":"","sfsi_plus_gutenburg_max_per_row":"","footnotes":""},"categories":[6,50,16],"tags":[],"class_list":["post-171394","post","type-post","status-publish","format-standard","has-post-thumbnail","hentry","category-cidades","category-destaque","category-saude"],"_links":{"self":[{"href":"https:\/\/www.caririemacao.com\/1\/wp-json\/wp\/v2\/posts\/171394","targetHints":{"allow":["GET"]}}],"collection":[{"href":"https:\/\/www.caririemacao.com\/1\/wp-json\/wp\/v2\/posts"}],"about":[{"href":"https:\/\/www.caririemacao.com\/1\/wp-json\/wp\/v2\/types\/post"}],"author":[{"embeddable":true,"href":"https:\/\/www.caririemacao.com\/1\/wp-json\/wp\/v2\/users\/1"}],"replies":[{"embeddable":true,"href":"https:\/\/www.caririemacao.com\/1\/wp-json\/wp\/v2\/comments?post=171394"}],"version-history":[{"count":1,"href":"https:\/\/www.caririemacao.com\/1\/wp-json\/wp\/v2\/posts\/171394\/revisions"}],"predecessor-version":[{"id":171400,"href":"https:\/\/www.caririemacao.com\/1\/wp-json\/wp\/v2\/posts\/171394\/revisions\/171400"}],"wp:featuredmedia":[{"embeddable":true,"href":"https:\/\/www.caririemacao.com\/1\/wp-json\/wp\/v2\/media\/171398"}],"wp:attachment":[{"href":"https:\/\/www.caririemacao.com\/1\/wp-json\/wp\/v2\/media?parent=171394"}],"wp:term":[{"taxonomy":"category","embeddable":true,"href":"https:\/\/www.caririemacao.com\/1\/wp-json\/wp\/v2\/categories?post=171394"},{"taxonomy":"post_tag","embeddable":true,"href":"https:\/\/www.caririemacao.com\/1\/wp-json\/wp\/v2\/tags?post=171394"}],"curies":[{"name":"wp","href":"https:\/\/api.w.org\/{rel}","templated":true}]}}