{"id":171399,"date":"2020-05-26T06:41:20","date_gmt":"2020-05-26T09:41:20","guid":{"rendered":"https:\/\/www.caririemacao.com\/1\/?p=171399"},"modified":"2020-05-26T06:41:20","modified_gmt":"2020-05-26T09:41:20","slug":"lula-minimiza-saida-de-moro-e-defende-decisao-de-bolsonaro-nao-pode-ser-uma-guerra-a-troca-de-um-delegado-da-policia-federal","status":"publish","type":"post","link":"https:\/\/www.caririemacao.com\/1\/2020\/05\/26\/lula-minimiza-saida-de-moro-e-defende-decisao-de-bolsonaro-nao-pode-ser-uma-guerra-a-troca-de-um-delegado-da-policia-federal\/","title":{"rendered":"Lula minimiza sa\u00edda de Moro e defende decis\u00e3o de Bolsonaro: &#8220;n\u00e3o pode ser uma guerra a troca de um delegado da Pol\u00edcia Federal&#8221;"},"content":{"rendered":"\n<p>O ex-presidente Lula minimizou a sa\u00edda de S\u00e9rgio Moro do Minist\u00e9rio da Justi\u00e7a e Seguran\u00e7a P\u00fablica e a decis\u00e3o de Jair Bolsonaro de trocar o delegado-geral da Pol\u00edcia Federal. Ele criticou a decis\u00e3o do ministro Alexandre de Moraes, do STF, o qual suspendeu a nomea\u00e7\u00e3o de Alexandre Ramagem para o cargo de delegado-geral da Pol\u00edcia Federal. Ramagem, que \u00e9 amigo dos filhos do presidente, sendo Fl\u00e1vio Bolsonaro um alvo da PF.<\/p>\n\n\n\n<p>&#8220;\u00c9 preciso provar o seguinte: tem alguma rela\u00e7\u00e3o suspeita? Se tiver alguma rela\u00e7\u00e3o suspeita eu acho que ent\u00e3o, para o bem da pr\u00f3pria institui\u00e7\u00e3o, \u00e9 importante que n\u00e3o seja indicado algu\u00e9m que n\u00e3o tenha um &#8216;compadrio&#8217; com o presidente da Rep\u00fablica ou com a fam\u00edlia do presidente da Rep\u00fablica. Mas eu acho que n\u00e3o pode ser uma guerra a troca de um delegado da Pol\u00edcia Federal. Eu acho que se ele n\u00e3o indicar um cara que cometeu um crime ou um cara que comprovadamente roubou, \u00e9 da indica\u00e7\u00e3o do presidente&#8221;, argumentou Lula em entrevista por videoconfer\u00eancia a Leonardo Sakamoto.<\/p>\n\n\n\n<p>Lula criticou a interfer\u00eancia na escolha presidencial. &#8220;Eu n\u00e3o sei qual o crime que o delegado cometeu. Se ele cometeu algum crime, algum desvio, algum il\u00edcito&#8230; Obviamente que ele n\u00e3o poderia mesmo assumir a delegacia. Mas \u00e9 preciso que a gente seja preciso porque um dia voc\u00ea ser presidente da Rep\u00fablica, (Leonardo) Sakamoto, e voc\u00ea pode querer indicar uma pessoa que voc\u00ea conhe\u00e7a para um cargo e algu\u00e9m dizer que n\u00e3o pode indicar. Ent\u00e3o que a pessoa prove que o delegado tem um crime cometido, tem um il\u00edcito. A\u00ed, sim, ele est\u00e1 correto.&#8221;<\/p>\n\n\n\n<p><strong>S\u00e9rgio Moro<\/strong><\/p>\n\n\n\n<p>Sobre o ex-ministro S\u00e9rgio Moro, o qual lhe deu a senten\u00e7a no \u00e2mbito da Opera\u00e7\u00e3o Lava Jato, Lula disse que ele \u00e9 uma criatura inventada pela Globo e que s\u00f3 queria o b\u00f4nus e n\u00e3o o \u00f4nus do trabalho de ministro no Governo Federal.<\/p>\n\n\n\n<p>&#8220;O Moto utilizou o PT para poder atacar o Bolsonaro. Ele que foi o &#8216;lambe botas&#8217; do Bolsonaro at\u00e9 o dia que saiu. O Moro \u00e9 uma &#8216;cria&#8217;, uma criatura inventada pela Globo. O Moro de vez em quando parecia que queria ser mais importante. Ele s\u00f3 queria comer a carne, n\u00e3o queria &#8216;comer o feij\u00e3o e o arroz&#8217;. Ele s\u00f3 queria o b\u00f4nus, n\u00e3o queria o \u00f4nus da tarefa.&#8221;<\/p>\n\n\n\n<p>O ex-presidente minimizou a sa\u00edda dele ao dizer que nunca viu a &#8220;Rep\u00fablica falir por causa da troca de ministro&#8221;. &#8220;O Moro \u00e9 resultado de 20 minutos todo dia no Jornal Nacional enaltecendo ele. Ministro \u00e9 ministro. Ministro \u00e9 t\u00e3o f\u00e1til que qualquer presidente troca quantos ministros quiser toda hora. Eu nunca vi a Rep\u00fablica falir por causa da troca de ministro. N\u00e3o \u00e9 a primeira vez que ministro sai para ter mais popularidade.&#8221;<\/p>\n","protected":false},"excerpt":{"rendered":"<p>O ex-presidente Lula minimizou a sa\u00edda de S\u00e9rgio Moro do Minist\u00e9rio da Justi\u00e7a e Seguran\u00e7a P\u00fablica e a decis\u00e3o de Jair Bolsonaro de trocar o&hellip; <\/p>\n","protected":false},"author":2,"featured_media":170269,"comment_status":"closed","ping_status":"closed","sticky":false,"template":"","format":"standard","meta":{"sfsi_plus_gutenberg_text_before_share":"","sfsi_plus_gutenberg_show_text_before_share":"","sfsi_plus_gutenberg_icon_type":"","sfsi_plus_gutenberg_icon_alignemt":"","sfsi_plus_gutenburg_max_per_row":"","footnotes":""},"categories":[11],"tags":[],"class_list":["post-171399","post","type-post","status-publish","format-standard","has-post-thumbnail","hentry","category-politica"],"_links":{"self":[{"href":"https:\/\/www.caririemacao.com\/1\/wp-json\/wp\/v2\/posts\/171399","targetHints":{"allow":["GET"]}}],"collection":[{"href":"https:\/\/www.caririemacao.com\/1\/wp-json\/wp\/v2\/posts"}],"about":[{"href":"https:\/\/www.caririemacao.com\/1\/wp-json\/wp\/v2\/types\/post"}],"author":[{"embeddable":true,"href":"https:\/\/www.caririemacao.com\/1\/wp-json\/wp\/v2\/users\/2"}],"replies":[{"embeddable":true,"href":"https:\/\/www.caririemacao.com\/1\/wp-json\/wp\/v2\/comments?post=171399"}],"version-history":[{"count":1,"href":"https:\/\/www.caririemacao.com\/1\/wp-json\/wp\/v2\/posts\/171399\/revisions"}],"predecessor-version":[{"id":171402,"href":"https:\/\/www.caririemacao.com\/1\/wp-json\/wp\/v2\/posts\/171399\/revisions\/171402"}],"wp:featuredmedia":[{"embeddable":true,"href":"https:\/\/www.caririemacao.com\/1\/wp-json\/wp\/v2\/media\/170269"}],"wp:attachment":[{"href":"https:\/\/www.caririemacao.com\/1\/wp-json\/wp\/v2\/media?parent=171399"}],"wp:term":[{"taxonomy":"category","embeddable":true,"href":"https:\/\/www.caririemacao.com\/1\/wp-json\/wp\/v2\/categories?post=171399"},{"taxonomy":"post_tag","embeddable":true,"href":"https:\/\/www.caririemacao.com\/1\/wp-json\/wp\/v2\/tags?post=171399"}],"curies":[{"name":"wp","href":"https:\/\/api.w.org\/{rel}","templated":true}]}}