{"id":171401,"date":"2020-05-26T06:43:10","date_gmt":"2020-05-26T09:43:10","guid":{"rendered":"https:\/\/www.caririemacao.com\/1\/?p=171401"},"modified":"2020-05-26T06:43:54","modified_gmt":"2020-05-26T09:43:54","slug":"municipio-de-boa-vista-confirma-12-novos-casos-de-covid-19-em-24h","status":"publish","type":"post","link":"https:\/\/www.caririemacao.com\/1\/2020\/05\/26\/municipio-de-boa-vista-confirma-12-novos-casos-de-covid-19-em-24h\/","title":{"rendered":"Munic\u00edpio de Boa Vista confirma 12 novos casos de Covid-19 em 24h"},"content":{"rendered":"\n<p>A Prefeitura de Boa Vista atrav\u00e9s da Secretaria Municipal de Sa\u00fade divulgou no in\u00edcio da noite desta segunda-feira(25) o seu mais novo boletim epidemiol\u00f3gico no qual foram registrados de uma s\u00f3 vez 12 novos casos de Covid-19 (novo coronav\u00edrus) no munic\u00edpio.<\/p>\n\n\n\n<p>O registro dos 12 novos casos de Covid-19 em Boa Vista se deu atrav\u00e9s da testagem em massa, realizada em pacientes que se encontram em isolamento domiciliar e monitorados pela unidade municipal de sa\u00fade. Outra raz\u00e3o para o crescente n\u00famero de casos \u00e9 decorrente da aquisi\u00e7\u00e3o dos novos kits de testes r\u00e1pidos pela Prefeitura de Boa Vista, possibilitando assim a realiza\u00e7\u00e3o de novos exames.<\/p>\n\n\n\n<p>Boa Vista j\u00e1 havia registrado cinco casos confirmados e com o novo boletim divulgado, o munic\u00edpio contabiliza 17 casos confirmados da doen\u00e7a, tornando-se uma das cidades do Cariri paraibano com mais casos confirmados do novo v\u00edrus at\u00e9 o momento.<\/p>\n\n\n\n<p>Todos os novos casos confirmados est\u00e3o sendo acompanhados pela Secretaria Municipal de Sa\u00fade e o monitoramento de toda rede de contatos.<\/p>\n\n\n\n<p><strong>Os novos casos, tratam-se de:<\/strong><\/p>\n\n\n\n<p>1- Paciente do sexo masculino, 25 anos, residente na zona rural, sem comorbidades;<br>2- Paciente do sexo masculino, 33 anos, residente na zona rural, sem comorbidades;<br>3- Paciente do sexo feminino, 31 anos, residente na zona rural, sem comorbidades;<br>4- Paciente do sexo masculino, 36 anos, residente na zona rural, sem comorbidades;<br>5- Paciente do sexo feminino, 44 anos, residente na zona rural, hipertensa;<br>6- Paciente do sexo masculino, 58 anos, residente na zona rural, hipertenso;<br>7- Paciente do sexo feminino, 35 anos, residente na zona urbana, sem comorbidades;<br>8- Paciente do sexo masculino, 31 anos, residente na zona urbana, doen\u00e7a renal cr\u00f4nica j\u00e1 transplantado;<br>9- Paciente do sexo masculino, 68 anos, residente na zona urbana, doen\u00e7a card\u00edaca;<br>10- Paciente do sexo masculino, 48 anos, residente na zona rural, sem comorbidades;<br>11- Paciente do sexo feminino, 28 anos, residente na zona rural, sem comorbidades;<br>12- Paciente do sexo feminino, 10 meses, residente na zona rural, sem comorbidades;<\/p>\n\n\n\n<p>A Prefeitura de Boa Vista pede que a popula\u00e7\u00e3o continue mantendo os cuidados e medidas de prote\u00e7\u00e3o e ao perceber sintomas procure o servi\u00e7o municipal de sa\u00fade.<\/p>\n\n\n\n<p>Com de Olho no Cariri<\/p>\n","protected":false},"excerpt":{"rendered":"<p>A Prefeitura de Boa Vista atrav\u00e9s da Secretaria Municipal de Sa\u00fade divulgou no in\u00edcio da noite desta segunda-feira(25) o seu mais novo boletim epidemiol\u00f3gico no&hellip; <\/p>\n","protected":false},"author":1,"featured_media":171405,"comment_status":"closed","ping_status":"closed","sticky":false,"template":"","format":"standard","meta":{"sfsi_plus_gutenberg_text_before_share":"","sfsi_plus_gutenberg_show_text_before_share":"","sfsi_plus_gutenberg_icon_type":"","sfsi_plus_gutenberg_icon_alignemt":"","sfsi_plus_gutenburg_max_per_row":"","footnotes":""},"categories":[6,50,16],"tags":[],"class_list":["post-171401","post","type-post","status-publish","format-standard","has-post-thumbnail","hentry","category-cidades","category-destaque","category-saude"],"_links":{"self":[{"href":"https:\/\/www.caririemacao.com\/1\/wp-json\/wp\/v2\/posts\/171401","targetHints":{"allow":["GET"]}}],"collection":[{"href":"https:\/\/www.caririemacao.com\/1\/wp-json\/wp\/v2\/posts"}],"about":[{"href":"https:\/\/www.caririemacao.com\/1\/wp-json\/wp\/v2\/types\/post"}],"author":[{"embeddable":true,"href":"https:\/\/www.caririemacao.com\/1\/wp-json\/wp\/v2\/users\/1"}],"replies":[{"embeddable":true,"href":"https:\/\/www.caririemacao.com\/1\/wp-json\/wp\/v2\/comments?post=171401"}],"version-history":[{"count":2,"href":"https:\/\/www.caririemacao.com\/1\/wp-json\/wp\/v2\/posts\/171401\/revisions"}],"predecessor-version":[{"id":171408,"href":"https:\/\/www.caririemacao.com\/1\/wp-json\/wp\/v2\/posts\/171401\/revisions\/171408"}],"wp:featuredmedia":[{"embeddable":true,"href":"https:\/\/www.caririemacao.com\/1\/wp-json\/wp\/v2\/media\/171405"}],"wp:attachment":[{"href":"https:\/\/www.caririemacao.com\/1\/wp-json\/wp\/v2\/media?parent=171401"}],"wp:term":[{"taxonomy":"category","embeddable":true,"href":"https:\/\/www.caririemacao.com\/1\/wp-json\/wp\/v2\/categories?post=171401"},{"taxonomy":"post_tag","embeddable":true,"href":"https:\/\/www.caririemacao.com\/1\/wp-json\/wp\/v2\/tags?post=171401"}],"curies":[{"name":"wp","href":"https:\/\/api.w.org\/{rel}","templated":true}]}}