{"id":171411,"date":"2020-05-26T06:47:38","date_gmt":"2020-05-26T09:47:38","guid":{"rendered":"https:\/\/www.caririemacao.com\/1\/?p=171411"},"modified":"2020-05-26T06:47:38","modified_gmt":"2020-05-26T09:47:38","slug":"bolsonaro-pede-respeito-mutuo-entre-poderes-e-defende-arquivamento-de-inquerito-contra-ele-no-stf","status":"publish","type":"post","link":"https:\/\/www.caririemacao.com\/1\/2020\/05\/26\/bolsonaro-pede-respeito-mutuo-entre-poderes-e-defende-arquivamento-de-inquerito-contra-ele-no-stf\/","title":{"rendered":"Bolsonaro pede respeito m\u00fatuo entre Poderes e defende arquivamento de inqu\u00e9rito contra ele no STF"},"content":{"rendered":"\n<p>Com receio de retalia\u00e7\u00f5es do STF (Supremo Tribunal Federal), o presidente Jair Bolsonaro divulgou nota p\u00fablica nesta segunda-feira (25) fazendo um aceno ao Poder Judici\u00e1rio e defendendo o arquivamento de inqu\u00e9rito contra ele.<\/p>\n\n\n\n<p>No texto, o presidente ressaltou que tem compromisso e respeito pela democracia, pregou que \u00e9 preciso haver harmonia entre as institui\u00e7\u00f5es, com respeito m\u00fatuo, e destacou a necessidade de independ\u00eancia dos tr\u00eas poderes.<\/p>\n\n\n\n<p>&#8220;Reafirmo meu compromisso e respeito com a democracia e membros dos poderes Legislativo e Judici\u00e1rio&#8221;, disse. &#8220;\u00c9 momento de todos se unirem. Para tanto, devemos atuar para termos uma verdadeira independ\u00eancia e harmonia entre as institui\u00e7\u00f5es da Rep\u00fablica, com respeito m\u00fatuo&#8221;, acrescentou.<\/p>\n\n\n\n<p>A nota p\u00fablica foi elaborada ap\u00f3s Bolsonaro ter recebido o recado de que ministros da corte consideraram grave cr\u00edtica feita contra o Supremo na reuni\u00e3o ministerial do dia 22 de abril, cujo conte\u00fado foi divulgado na sexta-feira (22) pelo ministro do STF Celso de Mello.<\/p>\n\n\n\n<p>Na reuni\u00e3o, o ministro da Educa\u00e7\u00e3o, Abraham Weintraub, disse que se dependesse dele, colocaria &#8220;esses vagabundos todos na cadeia&#8221;, come\u00e7ando pelo Supremo. O que mais irritou os ministros da corte foi o fato de Bolsonaro n\u00e3o ter repreendido Weintraub.<\/p>\n\n\n\n<p>No final de semana, Bolsonaro disse a assessores presidenciais que telefonar\u00e1 nesta semana ao presidente do STF, Dias Toffoli, para dizer que n\u00e3o concordou com a cr\u00edtica. E, nesta segunda-feira (25), foi aconselhado pelo ministro da Defesa, Fernando Azevedo, a fazer um aceno de pacifica\u00e7\u00e3o em nota p\u00fablica.<\/p>\n\n\n\n<p>&#8220;Ao povo brasileiro, reitero minha lealdade e compromisso com os valores e ideais democr\u00e1ticos que me conduziram \u00e0 Presid\u00eancia da Rep\u00fablica. Sempre estarei ao seu lado e jamais desistirei de lutar pela liberdade e pela democracia&#8221;, ressaltou Bolsonaro no texto.<\/p>\n\n\n\n<p>No documento, o presidente disse ainda se mant\u00e9m &#8220;fiel \u00e0 prote\u00e7\u00e3o e \u00e0 defesa irrestritas do povo brasileiro&#8221; e disse que nunca interferiu nos trabalhos da Pol\u00edcia Federal. O inqu\u00e9rito, cujo relator \u00e9 Mello, apura justamente se o presidente tentou interferir na corpora\u00e7\u00e3o policial, den\u00fancia feita pelo ex-juiz federal Sergio Moro.<\/p>\n\n\n\n<p>&#8220;Nunca interferi nos trabalhos da Pol\u00edcia Federal. S\u00e3o levianas todas as afirma\u00e7\u00f5es em sentido contr\u00e1rio. Os depoimentos de in\u00fameros delegados federais ouvidos confirmam que nunca solicitei informa\u00e7\u00f5es a qualquer um deles&#8221;, disse.<\/p>\n\n\n\n<p>Bolsonaro defendeu que o assunto seja tratado com &#8220;responsabilidade&#8221; e &#8220;serenidade&#8221; e que, &#8220;por quest\u00e3o de justi\u00e7a&#8221;, ocorra o &#8220;arquivamento natural do inqu\u00e9rito que motivou a divulga\u00e7\u00e3o do v\u00eddeo&#8221; da reuni\u00e3o ministerial.<\/p>\n\n\n\n<p>Apesar do aceno do presidente, Bolsonaro pretende aumentar ofensiva contra Mello. O intuito \u00e9 argumentar que as decis\u00f5es do decano n\u00e3o t\u00eam sido razo\u00e1veis, s\u00e3o exageradas e que t\u00eam motiva\u00e7\u00f5es pol\u00edticas para prejudicar o presidente, criando uma hip\u00f3tese de suspei\u00e7\u00e3o.<\/p>\n\n\n\n<p>Neste domingo (24), por exemplo, sem citar o nome do ministro, o presidente publicou nas redes sociais trecho da lei de abuso de autoridade, segundo o qual \u00e9 crime &#8220;divulgar grava\u00e7\u00e3o ou trecho de grava\u00e7\u00e3o sem rela\u00e7\u00e3o com a prova que se pretenda produzir&#8221;.<\/p>\n\n\n\n<p>Ao criticar a postura de Celso de Mello, segundo assessores presidenciais, o objetivo \u00e9 pressionar de maneira indireta o procurador-geral da Rep\u00fablica, Augusto Aras, criando um ambiente para posi\u00e7\u00f5es mais favor\u00e1veis ao governo, entre elas a de arquivamento do inqu\u00e9rito contra o presidente.<\/p>\n\n\n\n<p>A decis\u00e3o de fazer um enfrentamento mais direto com Mello n\u00e3o \u00e9, no entanto, consenso no Pal\u00e1cio do Planalto. H\u00e1 o receio de que ataques duros possam despertar sentimento de uni\u00e3o da corte, estimulando uma resposta conjunta, o que n\u00e3o seria favor\u00e1vel ao governo.<\/p>\n","protected":false},"excerpt":{"rendered":"<p>Com receio de retalia\u00e7\u00f5es do STF (Supremo Tribunal Federal), o presidente Jair Bolsonaro divulgou nota p\u00fablica nesta segunda-feira (25) fazendo um aceno ao Poder Judici\u00e1rio&hellip; <\/p>\n","protected":false},"author":2,"featured_media":166681,"comment_status":"closed","ping_status":"closed","sticky":false,"template":"","format":"standard","meta":{"sfsi_plus_gutenberg_text_before_share":"","sfsi_plus_gutenberg_show_text_before_share":"","sfsi_plus_gutenberg_icon_type":"","sfsi_plus_gutenberg_icon_alignemt":"","sfsi_plus_gutenburg_max_per_row":"","footnotes":""},"categories":[50,11],"tags":[],"class_list":["post-171411","post","type-post","status-publish","format-standard","has-post-thumbnail","hentry","category-destaque","category-politica"],"_links":{"self":[{"href":"https:\/\/www.caririemacao.com\/1\/wp-json\/wp\/v2\/posts\/171411","targetHints":{"allow":["GET"]}}],"collection":[{"href":"https:\/\/www.caririemacao.com\/1\/wp-json\/wp\/v2\/posts"}],"about":[{"href":"https:\/\/www.caririemacao.com\/1\/wp-json\/wp\/v2\/types\/post"}],"author":[{"embeddable":true,"href":"https:\/\/www.caririemacao.com\/1\/wp-json\/wp\/v2\/users\/2"}],"replies":[{"embeddable":true,"href":"https:\/\/www.caririemacao.com\/1\/wp-json\/wp\/v2\/comments?post=171411"}],"version-history":[{"count":1,"href":"https:\/\/www.caririemacao.com\/1\/wp-json\/wp\/v2\/posts\/171411\/revisions"}],"predecessor-version":[{"id":171416,"href":"https:\/\/www.caririemacao.com\/1\/wp-json\/wp\/v2\/posts\/171411\/revisions\/171416"}],"wp:featuredmedia":[{"embeddable":true,"href":"https:\/\/www.caririemacao.com\/1\/wp-json\/wp\/v2\/media\/166681"}],"wp:attachment":[{"href":"https:\/\/www.caririemacao.com\/1\/wp-json\/wp\/v2\/media?parent=171411"}],"wp:term":[{"taxonomy":"category","embeddable":true,"href":"https:\/\/www.caririemacao.com\/1\/wp-json\/wp\/v2\/categories?post=171411"},{"taxonomy":"post_tag","embeddable":true,"href":"https:\/\/www.caririemacao.com\/1\/wp-json\/wp\/v2\/tags?post=171411"}],"curies":[{"name":"wp","href":"https:\/\/api.w.org\/{rel}","templated":true}]}}