{"id":171412,"date":"2020-05-26T06:47:19","date_gmt":"2020-05-26T09:47:19","guid":{"rendered":"https:\/\/www.caririemacao.com\/1\/?p=171412"},"modified":"2020-05-26T06:47:19","modified_gmt":"2020-05-26T09:47:19","slug":"boa-nova-taperoa-controla-crescimento-de-casos-da-covid-19-e-comemora-cura-de-18-pacientes-infectados","status":"publish","type":"post","link":"https:\/\/www.caririemacao.com\/1\/2020\/05\/26\/boa-nova-taperoa-controla-crescimento-de-casos-da-covid-19-e-comemora-cura-de-18-pacientes-infectados\/","title":{"rendered":"BOA NOVA: Tapero\u00e1 controla crescimento de casos da Covid-19 e comemora cura de 18 pacientes infectados"},"content":{"rendered":"\n<p>Ap\u00f3s se tornar um dos munic\u00edpios da regi\u00e3o do Cariri paraibano com mais casos confirmados da Covid-19 (novo coronav\u00edrus), a popula\u00e7\u00e3o de Tapero\u00e1 finalmente tem motivos para ficar aliviada, pois o munic\u00edpio nos \u00faltimos dias vem registrando uma boa evolu\u00e7\u00e3o no quadro de cura da doen\u00e7a dos pacientes que foram diagnosticados pelo novo v\u00edrus.<\/p>\n\n\n\n<p>Em novo boletim oficial divulgado neste \u00faltimo domingo(24), a Secretaria Municipal de Tapero\u00e1 registrou a cura de 18 pacientes que testaram positivo para a Covid-19 e realizaram os procedimentos de preven\u00e7\u00e3o e isolamento domiciliar. Eles cumpriram os 15 dias de quarentena determinados pelos \u00f3rg\u00e3os de sa\u00fade e a OMS e agora se encontram totalmente recuperados da Covid-19.<\/p>\n\n\n\n<p>Al\u00e9m da evolu\u00e7\u00e3o dos quadros de cura de seus pacientes, Tapero\u00e1 tamb\u00e9m nos \u00faltimos dias n\u00e3o registrou muitos novos casos da doen\u00e7a. Atualmente a cidade possui apenas 9 casos confirmados em recupera\u00e7\u00e3o, uma vez que 18 pacientes j\u00e1 evolu\u00edram para a cura.<\/p>\n\n\n\n<p>Apesar do alto \u00edndices de cura no munic\u00edpio, a Prefeitura de Tapero\u00e1 atrav\u00e9s da Secretaria Municipal de Sa\u00fade refor\u00e7a o uso da m\u00e1scara de prote\u00e7\u00e3o, a higieniza\u00e7\u00e3o das m\u00e3os e o distanciamento social s\u00e3o as armas mais eficazes para evitar a dissemina\u00e7\u00e3o do coronav\u00edrus.<\/p>\n\n\n\n<p>De Olho no Cariri <\/p>\n","protected":false},"excerpt":{"rendered":"<p>Ap\u00f3s se tornar um dos munic\u00edpios da regi\u00e3o do Cariri paraibano com mais casos confirmados da Covid-19 (novo coronav\u00edrus), a popula\u00e7\u00e3o de Tapero\u00e1 finalmente tem&hellip; <\/p>\n","protected":false},"author":1,"featured_media":171414,"comment_status":"closed","ping_status":"closed","sticky":false,"template":"","format":"standard","meta":{"sfsi_plus_gutenberg_text_before_share":"","sfsi_plus_gutenberg_show_text_before_share":"","sfsi_plus_gutenberg_icon_type":"","sfsi_plus_gutenberg_icon_alignemt":"","sfsi_plus_gutenburg_max_per_row":"","footnotes":""},"categories":[16],"tags":[],"class_list":["post-171412","post","type-post","status-publish","format-standard","has-post-thumbnail","hentry","category-saude"],"_links":{"self":[{"href":"https:\/\/www.caririemacao.com\/1\/wp-json\/wp\/v2\/posts\/171412","targetHints":{"allow":["GET"]}}],"collection":[{"href":"https:\/\/www.caririemacao.com\/1\/wp-json\/wp\/v2\/posts"}],"about":[{"href":"https:\/\/www.caririemacao.com\/1\/wp-json\/wp\/v2\/types\/post"}],"author":[{"embeddable":true,"href":"https:\/\/www.caririemacao.com\/1\/wp-json\/wp\/v2\/users\/1"}],"replies":[{"embeddable":true,"href":"https:\/\/www.caririemacao.com\/1\/wp-json\/wp\/v2\/comments?post=171412"}],"version-history":[{"count":1,"href":"https:\/\/www.caririemacao.com\/1\/wp-json\/wp\/v2\/posts\/171412\/revisions"}],"predecessor-version":[{"id":171415,"href":"https:\/\/www.caririemacao.com\/1\/wp-json\/wp\/v2\/posts\/171412\/revisions\/171415"}],"wp:featuredmedia":[{"embeddable":true,"href":"https:\/\/www.caririemacao.com\/1\/wp-json\/wp\/v2\/media\/171414"}],"wp:attachment":[{"href":"https:\/\/www.caririemacao.com\/1\/wp-json\/wp\/v2\/media?parent=171412"}],"wp:term":[{"taxonomy":"category","embeddable":true,"href":"https:\/\/www.caririemacao.com\/1\/wp-json\/wp\/v2\/categories?post=171412"},{"taxonomy":"post_tag","embeddable":true,"href":"https:\/\/www.caririemacao.com\/1\/wp-json\/wp\/v2\/tags?post=171412"}],"curies":[{"name":"wp","href":"https:\/\/api.w.org\/{rel}","templated":true}]}}