{"id":171418,"date":"2020-05-26T06:49:57","date_gmt":"2020-05-26T09:49:57","guid":{"rendered":"https:\/\/www.caririemacao.com\/1\/?p=171418"},"modified":"2020-05-26T06:49:57","modified_gmt":"2020-05-26T09:49:57","slug":"covid-19-paraiba-reduz-pela-terceira-vez-casos-confirmados","status":"publish","type":"post","link":"https:\/\/www.caririemacao.com\/1\/2020\/05\/26\/covid-19-paraiba-reduz-pela-terceira-vez-casos-confirmados\/","title":{"rendered":"Covid-19: Para\u00edba reduz pela terceira vez casos confirmados"},"content":{"rendered":"\n<p>Pelo terceiro dia consecutivo a Para\u00edba registra uma redu\u00e7\u00e3o na velocidade de transmiss\u00e3o do novo cororav\u00edrus. S\u00e1bado 625, domingo 315 e nesta segunda-feira (25) 193 casos confirmados.<\/p>\n\n\n\n<p>O n\u00famero de mortes em compara\u00e7\u00e3o a ontem tamb\u00e9m diminuiu. S\u00e1bado 10, domingo 14 e nesta segunda-feira 7. Boletim divulgado pela Secretaria de Estado da sa\u00fade informa 8.016 casos confirmados, para 7.284 descartados.<\/p>\n\n\n\n<p>Os casos de \u00f3bitos s\u00e3o de 279 mortes e casos recuperados 2.218. O coronav\u00edrus est\u00e1 em 180 dos 223 munic\u00edpios paraibanos.<\/p>\n\n\n\n<p>Com o MarconiFerreira.com<\/p>\n","protected":false},"excerpt":{"rendered":"<p>Pelo terceiro dia consecutivo a Para\u00edba registra uma redu\u00e7\u00e3o na velocidade de transmiss\u00e3o do novo cororav\u00edrus. S\u00e1bado 625, domingo 315 e nesta segunda-feira (25) 193&hellip; <\/p>\n","protected":false},"author":1,"featured_media":171419,"comment_status":"closed","ping_status":"closed","sticky":false,"template":"","format":"standard","meta":{"sfsi_plus_gutenberg_text_before_share":"","sfsi_plus_gutenberg_show_text_before_share":"","sfsi_plus_gutenberg_icon_type":"","sfsi_plus_gutenberg_icon_alignemt":"","sfsi_plus_gutenburg_max_per_row":"","footnotes":""},"categories":[50],"tags":[],"class_list":["post-171418","post","type-post","status-publish","format-standard","has-post-thumbnail","hentry","category-destaque"],"_links":{"self":[{"href":"https:\/\/www.caririemacao.com\/1\/wp-json\/wp\/v2\/posts\/171418","targetHints":{"allow":["GET"]}}],"collection":[{"href":"https:\/\/www.caririemacao.com\/1\/wp-json\/wp\/v2\/posts"}],"about":[{"href":"https:\/\/www.caririemacao.com\/1\/wp-json\/wp\/v2\/types\/post"}],"author":[{"embeddable":true,"href":"https:\/\/www.caririemacao.com\/1\/wp-json\/wp\/v2\/users\/1"}],"replies":[{"embeddable":true,"href":"https:\/\/www.caririemacao.com\/1\/wp-json\/wp\/v2\/comments?post=171418"}],"version-history":[{"count":1,"href":"https:\/\/www.caririemacao.com\/1\/wp-json\/wp\/v2\/posts\/171418\/revisions"}],"predecessor-version":[{"id":171420,"href":"https:\/\/www.caririemacao.com\/1\/wp-json\/wp\/v2\/posts\/171418\/revisions\/171420"}],"wp:featuredmedia":[{"embeddable":true,"href":"https:\/\/www.caririemacao.com\/1\/wp-json\/wp\/v2\/media\/171419"}],"wp:attachment":[{"href":"https:\/\/www.caririemacao.com\/1\/wp-json\/wp\/v2\/media?parent=171418"}],"wp:term":[{"taxonomy":"category","embeddable":true,"href":"https:\/\/www.caririemacao.com\/1\/wp-json\/wp\/v2\/categories?post=171418"},{"taxonomy":"post_tag","embeddable":true,"href":"https:\/\/www.caririemacao.com\/1\/wp-json\/wp\/v2\/tags?post=171418"}],"curies":[{"name":"wp","href":"https:\/\/api.w.org\/{rel}","templated":true}]}}