{"id":171421,"date":"2020-05-26T06:52:32","date_gmt":"2020-05-26T09:52:32","guid":{"rendered":"https:\/\/www.caririemacao.com\/1\/?p=171421"},"modified":"2020-05-26T06:52:32","modified_gmt":"2020-05-26T09:52:32","slug":"prefeito-de-campina-grande-antecipa-feriados-anuncia-paralisacao-de-atividades-por-cinco-dias-e-faz-requisicao-de-leitos-de-hospital","status":"publish","type":"post","link":"https:\/\/www.caririemacao.com\/1\/2020\/05\/26\/prefeito-de-campina-grande-antecipa-feriados-anuncia-paralisacao-de-atividades-por-cinco-dias-e-faz-requisicao-de-leitos-de-hospital\/","title":{"rendered":"Prefeito de Campina Grande antecipa feriados, anuncia \u201cparalisa\u00e7\u00e3o\u201d de atividades por cinco dias e faz requisi\u00e7\u00e3o de leitos de hospital"},"content":{"rendered":"\n<p>O prefeito de Campina Grande, Romero Rodrigues (PSD), anunciou na tarde desta segunda-feira (25) medidas mais duras da gest\u00e3o municipal para combater o avan\u00e7o do coronav\u00edrus na cidade.<\/p>\n\n\n\n<p>Em transmiss\u00e3o ao vivo realizada em suas redes sociais, o prefeito informou que a partir do pr\u00f3ximo s\u00e1bado (30), at\u00e9 a quarta-feira (3), a Prefeitura de Campina Grande vai suspender o funcionamento do transporte p\u00fablico e restringir a abertura do com\u00e9rcio.<\/p>\n\n\n\n<p>Com essa decis\u00e3o, funcionar\u00e3o apenas os servi\u00e7os considerados essenciais, como farm\u00e1cias e supermercados.<\/p>\n\n\n\n<p>Conforme Romero, as medidas tem como base a antecipa\u00e7\u00e3o de tr\u00eas feriados. S\u00e3o eles os de Corpus Christi (11 de junho), S\u00e3o Jo\u00e3o (24 de junho) e Dia de Finados (2 de novembro), que foram antecipados para os dias 1, 2 e 3 de junho.<\/p>\n\n\n\n<p>Ainda segundo o prefeito, o funcionamento das feiras da cidade tamb\u00e9m ser\u00e1 interrompido nesse per\u00edodo.<\/p>\n\n\n\n<p>O objetivo, segundo ele, \u00e9 diminuir a curva de contamina\u00e7\u00e3o e o crescimento dos casos na cidade, al\u00e9m de reduzir a demanda nos servi\u00e7os de sa\u00fade.<\/p>\n\n\n\n<p>Na ocasi\u00e3o, Romero tamb\u00e9m informou uma nova mudan\u00e7a no calend\u00e1rio das escolas municipais.<\/p>\n\n\n\n<p>O retorno das atividades no Sistema Municipal de Ensino, at\u00e9 ent\u00e3o previsto para o dia primeiro de junho, s\u00f3 deve ocorrer no in\u00edcio do m\u00eas de julho.<\/p>\n\n\n\n<p>J\u00e1 o Cadastro \u00danico (Cad\u00danico), vinculado \u00e0 Secretaria Municipal de Assist\u00eancia Social (Semas), tamb\u00e9m ter\u00e1 suas atividades presenciais suspensas, com o objetivo de evitar deslocamentos desnecess\u00e1rios.<\/p>\n\n\n\n<p>Conforme boletim divulgado pela Secretaria de Estado da Sa\u00fade (SES), at\u00e9 ontem a cidade contava com 817 casos confirmados de Covid-19, doen\u00e7a provocada pelo v\u00edrus, sendo a segunda do estado em n\u00famero de infectados, ficando atr\u00e1s apenas da capital Jo\u00e3o Pessoa, que j\u00e1 soma 2.612 casos confirmados.<\/p>\n\n\n\n<p><strong>Requisi\u00e7\u00e3o de leitos de hospitais privados&nbsp;<\/strong><\/p>\n\n\n\n<p>Al\u00e9m do hospital de campanha montado na parte externa do Hospital Pedro I, para receber o pacientes com Covid-19 em Campina Grande, o prefeito Romero Rodrigues (PSD) anunciou a requisi\u00e7\u00e3o administrativa de um andar completo do Hospital da Clipsi, localizado na Rua Treze de Maio, no Centro da cidade.<\/p>\n\n\n\n<p>Conforme o prefeito, durante transmiss\u00e3o ao vivo realizada nesta segunda-feira, 25, a Prefeitura vai utilizar o 5\u00b0 andar completo da unidade hospitalar, onde haver\u00e1 35 leitos de enfermaria e 10 leitos de UTI para os pacientes diagnosticados ou com suspeita de infec\u00e7\u00e3o por coronav\u00edrus.<\/p>\n\n\n\n<p>Ainda segundo Romero, a requisi\u00e7\u00e3o administrativa ser\u00e1 remunerada ao hospital e haver\u00e1 a possibilidade de ampliar os leitos de UTI.<\/p>\n\n\n\n<p>Como forma de preven\u00e7\u00e3o, segundo Romero, ser\u00e1 disponibilizado um acesso exclusivo para esse espa\u00e7o, que ser\u00e1 viabilizado atrav\u00e9s da entrada do hospital que funciona na Avenida Floriano Peixoto.<\/p>\n\n\n\n<p><strong>De Olho no Cariri<\/strong><\/p>\n\n\n\n<p><em>Com PB Online<\/em><\/p>\n","protected":false},"excerpt":{"rendered":"<p>O prefeito de Campina Grande, Romero Rodrigues (PSD), anunciou na tarde desta segunda-feira (25) medidas mais duras da gest\u00e3o municipal para combater o avan\u00e7o do&hellip; <\/p>\n","protected":false},"author":1,"featured_media":171422,"comment_status":"closed","ping_status":"closed","sticky":false,"template":"","format":"standard","meta":{"sfsi_plus_gutenberg_text_before_share":"","sfsi_plus_gutenberg_show_text_before_share":"","sfsi_plus_gutenberg_icon_type":"","sfsi_plus_gutenberg_icon_alignemt":"","sfsi_plus_gutenburg_max_per_row":"","footnotes":""},"categories":[6,50,16],"tags":[],"class_list":["post-171421","post","type-post","status-publish","format-standard","has-post-thumbnail","hentry","category-cidades","category-destaque","category-saude"],"_links":{"self":[{"href":"https:\/\/www.caririemacao.com\/1\/wp-json\/wp\/v2\/posts\/171421","targetHints":{"allow":["GET"]}}],"collection":[{"href":"https:\/\/www.caririemacao.com\/1\/wp-json\/wp\/v2\/posts"}],"about":[{"href":"https:\/\/www.caririemacao.com\/1\/wp-json\/wp\/v2\/types\/post"}],"author":[{"embeddable":true,"href":"https:\/\/www.caririemacao.com\/1\/wp-json\/wp\/v2\/users\/1"}],"replies":[{"embeddable":true,"href":"https:\/\/www.caririemacao.com\/1\/wp-json\/wp\/v2\/comments?post=171421"}],"version-history":[{"count":1,"href":"https:\/\/www.caririemacao.com\/1\/wp-json\/wp\/v2\/posts\/171421\/revisions"}],"predecessor-version":[{"id":171423,"href":"https:\/\/www.caririemacao.com\/1\/wp-json\/wp\/v2\/posts\/171421\/revisions\/171423"}],"wp:featuredmedia":[{"embeddable":true,"href":"https:\/\/www.caririemacao.com\/1\/wp-json\/wp\/v2\/media\/171422"}],"wp:attachment":[{"href":"https:\/\/www.caririemacao.com\/1\/wp-json\/wp\/v2\/media?parent=171421"}],"wp:term":[{"taxonomy":"category","embeddable":true,"href":"https:\/\/www.caririemacao.com\/1\/wp-json\/wp\/v2\/categories?post=171421"},{"taxonomy":"post_tag","embeddable":true,"href":"https:\/\/www.caririemacao.com\/1\/wp-json\/wp\/v2\/tags?post=171421"}],"curies":[{"name":"wp","href":"https:\/\/api.w.org\/{rel}","templated":true}]}}