{"id":171465,"date":"2020-05-26T07:28:11","date_gmt":"2020-05-26T10:28:11","guid":{"rendered":"https:\/\/www.caririemacao.com\/1\/?p=171465"},"modified":"2020-05-26T07:33:18","modified_gmt":"2020-05-26T10:33:18","slug":"prefeito-de-caraubas-anuncia-investimentos-de-quase-r-150-00000-com-programa-de-aquisicao-de-alimentos","status":"publish","type":"post","link":"https:\/\/www.caririemacao.com\/1\/2020\/05\/26\/prefeito-de-caraubas-anuncia-investimentos-de-quase-r-150-00000-com-programa-de-aquisicao-de-alimentos\/","title":{"rendered":"Prefeito de Cara\u00fabas anuncia investimentos de quase R$ 150 .000,00 (mil reais) com programa de aquisi\u00e7\u00e3o de alimentos"},"content":{"rendered":"\n<p>O prefeito Silvano Dudu anunciou em parceira com a Secretaria da Agricultura e a SEMAS, no dia dedicado ao trabalhador rural uma excelente not\u00edcia para a classe de agricultores familiares rural do munic\u00edpio de Cara\u00fabas. A Companhia Nacional de Abastecimento \u2013 CONAB do governo Federal aprovou projeto apresentado pelo munic\u00edpio que ir\u00e1 beneficiar dezenas de agricultoras com a compra direta de seus produtos e a distribui\u00e7\u00e3o com as fam\u00edlias cadastradas do munic\u00edpio.<\/p>\n\n\n\n<p><br>Ser\u00e3o investidos mais de R$ 143.000,00(Cento e Quarenta e Tr\u00eas Mil reais) com o novo PAA aprovado. Na \u00faltima quarta-feira, dia 20 de Maio do corrente, o secret\u00e1rio da Agricultura esteve com o prefeito Silvano Dudu reunido com os t\u00e9cnicos que elaboraram o projeto para o novo PAA, na sede do Centro de Apoio ao Produtor Rural da Secretaria da Agricultura para discutir todo planejamento de execu\u00e7\u00e3o do projeto.<\/p>\n\n\n\n<p><br>O prefeito Silvano Dudu se mostrou feliz pelo anuncio porque o momento que estamos vivendo dessa Pandemia n\u00e3o esta sendo f\u00e1cil com fam\u00edlias passando dificuldades financeiras e faltando o que comer. <\/p>\n\n\n\n<p>O professor Almair Albuquerque projetista entregou uma c\u00f3pia do contrato ao prefeito Silvano Dudu e aos secret\u00e1rios presentes a reuni\u00e3o, no caso Rone Feitoza da Agricultura e Fl\u00e1via Quirino da SEMAS.<br>Ser\u00e3o contempladas 18(dezoito) agricultoras pertencentes a Associa\u00e7\u00e3o de Desenvolvimento Comunit\u00e1rio Rural de Ponta de Serra com um valor estimado de R$ 8.000,0(Oito Mil reais) cada agricultora. Ser\u00e3o comercializados mais de 75,5 toneladas de produtos agr\u00edcolas dos quais destaque para o milho feij\u00e3o cebola, batata doce, macaxeira, maracuj\u00e1, alface, abobora, melancia e tomate.<\/p>\n\n\n\n<p><br>O secret\u00e1rio Rone Feitoza n\u00e3o escondia a alegria com a not\u00edcia, pois, sabemos das dificuldades que enfrentamos para formalizar esse processo e conseguir hoje essa aprova\u00e7\u00e3o \u00e9 pra se comemorar mesmo, muito embora o momento n\u00e3o permita. Tenho certeza que esse projeto, a exemplo do que realizamos ano passado trar\u00e1 um alento a toda sociedade.<\/p>\n\n\n\n<figure class=\"wp-block-image size-large\"><img fetchpriority=\"high\" decoding=\"async\" width=\"1024\" height=\"768\" src=\"https:\/\/www.caririemacao.com\/1\/wp-content\/uploads\/2020\/05\/seplacom2020_20200526_15-1-1024x768.jpg\" alt=\"\" class=\"wp-image-171471\" srcset=\"https:\/\/www.caririemacao.com\/1\/wp-content\/uploads\/2020\/05\/seplacom2020_20200526_15-1-1024x768.jpg 1024w, https:\/\/www.caririemacao.com\/1\/wp-content\/uploads\/2020\/05\/seplacom2020_20200526_15-1-300x225.jpg 300w, https:\/\/www.caririemacao.com\/1\/wp-content\/uploads\/2020\/05\/seplacom2020_20200526_15-1-768x576.jpg 768w, https:\/\/www.caririemacao.com\/1\/wp-content\/uploads\/2020\/05\/seplacom2020_20200526_15-1.jpg 1080w\" sizes=\"(max-width: 1024px) 100vw, 1024px\" \/><\/figure>\n\n\n\n<figure class=\"wp-block-gallery columns-1 is-cropped wp-block-gallery-1 is-layout-flex wp-block-gallery-is-layout-flex\"><ul class=\"blocks-gallery-grid\"><li class=\"blocks-gallery-item\"><figure><img decoding=\"async\" width=\"1024\" height=\"768\" data-src=\"https:\/\/www.caririemacao.com\/1\/wp-content\/uploads\/2020\/05\/seplacom2020_20200526_14-1024x768.jpg\" alt=\"\" data-id=\"171472\" data-full-url=\"https:\/\/www.caririemacao.com\/1\/wp-content\/uploads\/2020\/05\/seplacom2020_20200526_14.jpg\" data-link=\"https:\/\/www.caririemacao.com\/1\/?attachment_id=171472\" class=\"wp-image-171472 lazyload\" data-srcset=\"https:\/\/www.caririemacao.com\/1\/wp-content\/uploads\/2020\/05\/seplacom2020_20200526_14-1024x768.jpg 1024w, https:\/\/www.caririemacao.com\/1\/wp-content\/uploads\/2020\/05\/seplacom2020_20200526_14-300x225.jpg 300w, https:\/\/www.caririemacao.com\/1\/wp-content\/uploads\/2020\/05\/seplacom2020_20200526_14-768x576.jpg 768w, https:\/\/www.caririemacao.com\/1\/wp-content\/uploads\/2020\/05\/seplacom2020_20200526_14.jpg 1080w\" data-sizes=\"(max-width: 1024px) 100vw, 1024px\" src=\"data:image\/svg+xml;base64,PHN2ZyB3aWR0aD0iMSIgaGVpZ2h0PSIxIiB4bWxucz0iaHR0cDovL3d3dy53My5vcmcvMjAwMC9zdmciPjwvc3ZnPg==\" style=\"--smush-placeholder-width: 1024px; --smush-placeholder-aspect-ratio: 1024\/768;\" \/><\/figure><\/li><\/ul><\/figure>\n\n\n\n<p>Fonte: SEPLACOM<br>Foto: Aparecida Alves<\/p>\n","protected":false},"excerpt":{"rendered":"<p>O prefeito Silvano Dudu anunciou em parceira com a Secretaria da Agricultura e a SEMAS, no dia dedicado ao trabalhador rural uma excelente not\u00edcia para&hellip; <\/p>\n","protected":false},"author":1,"featured_media":171470,"comment_status":"closed","ping_status":"closed","sticky":false,"template":"","format":"standard","meta":{"sfsi_plus_gutenberg_text_before_share":"","sfsi_plus_gutenberg_show_text_before_share":"","sfsi_plus_gutenberg_icon_type":"","sfsi_plus_gutenberg_icon_alignemt":"","sfsi_plus_gutenburg_max_per_row":"","footnotes":""},"categories":[6,50],"tags":[],"class_list":["post-171465","post","type-post","status-publish","format-standard","has-post-thumbnail","hentry","category-cidades","category-destaque"],"_links":{"self":[{"href":"https:\/\/www.caririemacao.com\/1\/wp-json\/wp\/v2\/posts\/171465","targetHints":{"allow":["GET"]}}],"collection":[{"href":"https:\/\/www.caririemacao.com\/1\/wp-json\/wp\/v2\/posts"}],"about":[{"href":"https:\/\/www.caririemacao.com\/1\/wp-json\/wp\/v2\/types\/post"}],"author":[{"embeddable":true,"href":"https:\/\/www.caririemacao.com\/1\/wp-json\/wp\/v2\/users\/1"}],"replies":[{"embeddable":true,"href":"https:\/\/www.caririemacao.com\/1\/wp-json\/wp\/v2\/comments?post=171465"}],"version-history":[{"count":2,"href":"https:\/\/www.caririemacao.com\/1\/wp-json\/wp\/v2\/posts\/171465\/revisions"}],"predecessor-version":[{"id":171479,"href":"https:\/\/www.caririemacao.com\/1\/wp-json\/wp\/v2\/posts\/171465\/revisions\/171479"}],"wp:featuredmedia":[{"embeddable":true,"href":"https:\/\/www.caririemacao.com\/1\/wp-json\/wp\/v2\/media\/171470"}],"wp:attachment":[{"href":"https:\/\/www.caririemacao.com\/1\/wp-json\/wp\/v2\/media?parent=171465"}],"wp:term":[{"taxonomy":"category","embeddable":true,"href":"https:\/\/www.caririemacao.com\/1\/wp-json\/wp\/v2\/categories?post=171465"},{"taxonomy":"post_tag","embeddable":true,"href":"https:\/\/www.caririemacao.com\/1\/wp-json\/wp\/v2\/tags?post=171465"}],"curies":[{"name":"wp","href":"https:\/\/api.w.org\/{rel}","templated":true}]}}