{"id":171474,"date":"2020-05-26T07:30:41","date_gmt":"2020-05-26T10:30:41","guid":{"rendered":"https:\/\/www.caririemacao.com\/1\/?p=171474"},"modified":"2020-05-26T07:30:41","modified_gmt":"2020-05-26T10:30:41","slug":"prefeito-de-caraubas-contrata-medica-para-atendimento-na-unidade-da-saude-da-familia","status":"publish","type":"post","link":"https:\/\/www.caririemacao.com\/1\/2020\/05\/26\/prefeito-de-caraubas-contrata-medica-para-atendimento-na-unidade-da-saude-da-familia\/","title":{"rendered":"Prefeito de Cara\u00fabas contrata m\u00e9dica para atendimento na unidade da Sa\u00fade da Fam\u00edlia"},"content":{"rendered":"\n<p>O prefeito de Cara\u00fabas, Silvano Dudu, recepcionou na manh\u00e3 da segunda-feira 25, a mais nova profissional m\u00e9dica contratada para atender a popula\u00e7\u00e3o do munic\u00edpio e que prestar\u00e1 servi\u00e7os na unidade da sa\u00fade da fam\u00edlia Severino Virg\u00ednio da Silva do ESF I, em substitui\u00e7\u00e3o a Dra. Caliandra Vasconcelos que deixou recentemente o munic\u00edpio.<\/p>\n\n\n\n<p><br>Dra. J\u00e9ssica de Souza Bid\u00f4 tem como especialidade clinica geral e vem se somar a equipe da gest\u00e3o O Futuro \u00e9 nossa gente dedicando seu tempo profissional a todos os caraubenses emprestando talento, cumplicidade e t\u00e9cnica para salvar vidas. Sua experi\u00eancia profissional vem da capital paraibana de onde \u00e9 natural.<\/p>\n\n\n\n<p><br>O secret\u00e1rio da sa\u00fade Leonardo Eneas Almeida afirmou que o prefeito Silvano Dudu n\u00e3o tem medido esfor\u00e7os em contratar para a \u00e1rea da sa\u00fade grandes profissionais. Esse exemplo n\u00e3o \u00e9 de hoje, mas sim desde o inicio da sua atual gest\u00e3o que formou uma verdadeira sele\u00e7\u00e3o. Hoje Cara\u00fabas se orgulha dos profissionais que tem, seja na \u00e1rea da medicina, da enfermaria, t\u00e9cnicos e auxiliares, disse ele.<br>Doutora J\u00e9ssica num momento muito importante para o munic\u00edpio e para a vida de milhares de caraubenses. No meio de uma Pandemia com uma curva de n\u00edvel em ascens\u00e3o no nosso Estado e com muitos desafios a suprir. N\u00e3o tenho d\u00favidas que com seu talento e seus esfor\u00e7os teremos mais uma grande profissional desenvolvendo suas fun\u00e7\u00f5es nesta unidade da sa\u00fade, finalizou o secret\u00e1rio Leonardo.<\/p>\n\n\n\n<p><br>O prefeito se deslocou em sua companhia at\u00e9 a unidade da sa\u00fade onde ela ir\u00e1 prestar servi\u00e7os e a apresentou a toda equipe. Jovem, comprometida com a sa\u00fade e dedicada s\u00e3o suas caracter\u00edsticas e que ir\u00e3o fazer do seu talento mais um ponto importante para a sa\u00fade p\u00fablica do munic\u00edpio, finalizou o prefeito Silvano Dudu.<\/p>\n\n\n\n<p><br>Fonte: SEPLACOM<br>Foto: MIGUEL FILHO<\/p>\n","protected":false},"excerpt":{"rendered":"<p>O prefeito de Cara\u00fabas, Silvano Dudu, recepcionou na manh\u00e3 da segunda-feira 25, a mais nova profissional m\u00e9dica contratada para atender a popula\u00e7\u00e3o do munic\u00edpio e&hellip; <\/p>\n","protected":false},"author":1,"featured_media":171475,"comment_status":"closed","ping_status":"closed","sticky":false,"template":"","format":"standard","meta":{"sfsi_plus_gutenberg_text_before_share":"","sfsi_plus_gutenberg_show_text_before_share":"","sfsi_plus_gutenberg_icon_type":"","sfsi_plus_gutenberg_icon_alignemt":"","sfsi_plus_gutenburg_max_per_row":"","footnotes":""},"categories":[6,50],"tags":[],"class_list":["post-171474","post","type-post","status-publish","format-standard","has-post-thumbnail","hentry","category-cidades","category-destaque"],"_links":{"self":[{"href":"https:\/\/www.caririemacao.com\/1\/wp-json\/wp\/v2\/posts\/171474","targetHints":{"allow":["GET"]}}],"collection":[{"href":"https:\/\/www.caririemacao.com\/1\/wp-json\/wp\/v2\/posts"}],"about":[{"href":"https:\/\/www.caririemacao.com\/1\/wp-json\/wp\/v2\/types\/post"}],"author":[{"embeddable":true,"href":"https:\/\/www.caririemacao.com\/1\/wp-json\/wp\/v2\/users\/1"}],"replies":[{"embeddable":true,"href":"https:\/\/www.caririemacao.com\/1\/wp-json\/wp\/v2\/comments?post=171474"}],"version-history":[{"count":1,"href":"https:\/\/www.caririemacao.com\/1\/wp-json\/wp\/v2\/posts\/171474\/revisions"}],"predecessor-version":[{"id":171476,"href":"https:\/\/www.caririemacao.com\/1\/wp-json\/wp\/v2\/posts\/171474\/revisions\/171476"}],"wp:featuredmedia":[{"embeddable":true,"href":"https:\/\/www.caririemacao.com\/1\/wp-json\/wp\/v2\/media\/171475"}],"wp:attachment":[{"href":"https:\/\/www.caririemacao.com\/1\/wp-json\/wp\/v2\/media?parent=171474"}],"wp:term":[{"taxonomy":"category","embeddable":true,"href":"https:\/\/www.caririemacao.com\/1\/wp-json\/wp\/v2\/categories?post=171474"},{"taxonomy":"post_tag","embeddable":true,"href":"https:\/\/www.caririemacao.com\/1\/wp-json\/wp\/v2\/tags?post=171474"}],"curies":[{"name":"wp","href":"https:\/\/api.w.org\/{rel}","templated":true}]}}