{"id":171477,"date":"2020-05-26T07:33:30","date_gmt":"2020-05-26T10:33:30","guid":{"rendered":"https:\/\/www.caririemacao.com\/1\/?p=171477"},"modified":"2020-05-26T07:33:30","modified_gmt":"2020-05-26T10:33:30","slug":"senado-aprova-proibicao-de-corte-de-luz-em-vespera-de-fins-de-semana","status":"publish","type":"post","link":"https:\/\/www.caririemacao.com\/1\/2020\/05\/26\/senado-aprova-proibicao-de-corte-de-luz-em-vespera-de-fins-de-semana\/","title":{"rendered":"Senado aprova proibi\u00e7\u00e3o de corte de luz em v\u00e9spera de fins de semana"},"content":{"rendered":"\n<h2 class=\"wp-block-heading\"><\/h2>\n\n\n\n<p>O Senado aprovou, nesta segunda-feira (25), um projeto de lei (PL) que pro\u00edbe o corte de luz por falta de pagamento em v\u00e9speras do fim de semana. De autoria do senador Weverton Rocha (PDT-MA), o projeto foi aprovado no Senado em dezembro passado. Em seguida, foi aprovado na C\u00e2mara dos Deputados, onde sofreu altera\u00e7\u00f5es, voltou ao Senado e agora foi aprovado em definitivo. O projeto vai agora a san\u00e7\u00e3o presidencial.<\/p>\n\n\n\n<p>A relatora do projeto, K\u00e1tia Abreu (PP-TO), comentou a postura das companhias de energia, que n\u00e3o religam a luz nos fins de semana, mesmo quando a d\u00edvida \u00e9 paga. \u201cParece que \u00e9 maldade: corta na sexta, e a fam\u00edlia s\u00f3 vai ter a luz de novo na segunda-feira, mesmo que ela tenha o dinheiro para religar a luz.\u201d<\/p>\n\n\n\n<p>O projeto tamb\u00e9m obriga a companhia fornecedora de energia a notificar o cidad\u00e3o antes de realizar o corte por falta de pagamento. \u201cSe a empresa de energia cortar a luz sem notifica\u00e7\u00e3o, ela ter\u00e1 que pagar at\u00e9 o dobro do valor daquela conta\u201d, disse K\u00e1tia.<\/p>\n\n\n\n<p>A aprova\u00e7\u00e3o do projeto foi fruto de um acordo entre a lideran\u00e7a do governo, representada pelo senador Fernando Bezerra (MDB-PE), e a relatora. O acordo diz respeito \u00e0 taxa de religa\u00e7\u00e3o. O projeto original visava a veda\u00e7\u00e3o da taxa. Segundo K\u00e1tia Abreu, os valores v\u00e3o de R$ 7 a at\u00e9 R$ 104. J\u00e1 a taxa de religa\u00e7\u00e3o urgente pode chegar s at\u00e9 R$ 261. Os estados onde a taxa \u00e9 mais alta s\u00e3o Minas Gerais e Amap\u00e1.<\/p>\n\n\n\n<p>A relatora criticou a Ag\u00eancia Nacional de Energia El\u00e9trica (Aneel) por n\u00e3o interferir na cobran\u00e7a de taxas t\u00e3o altas para religar a energia. \u201cO cidad\u00e3o j\u00e1 tem a vergonha de cortar a energia por falta de dinheiro. Agora, pagar um pre\u00e7o de religa\u00e7\u00e3o urgente de R$ 190 a R$ 261? Eu n\u00e3o sei o que a Aneel est\u00e1 fazendo. Ag\u00eancia serve para isso, para regular pre\u00e7o, tarifas.\u201d<\/p>\n\n\n\n<p>Bezerra prop\u00f4s que a Aneel fa\u00e7a a regula\u00e7\u00e3o dos valores. Uma audi\u00eancia p\u00fablica com representantes da ag\u00eancia reguladora faz parte do acordo. A partir da\u00ed, os senadores aguardariam um prazo para verificar as provid\u00eancias. Com o acordo, o projeto foi aprovado de forma un\u00e2nime.<\/p>\n\n\n\n<p>\u201cN\u00e3o podemos mais aceitar pre\u00e7os t\u00e3o variados para essa taxa de religa\u00e7\u00e3o. A varia\u00e7\u00e3o de pre\u00e7o est\u00e1 muito fora de par\u00e2metro. Vamos chamar uma audi\u00eancia p\u00fablica com a Aneel, propor que ela, pela autorregula\u00e7\u00e3o, d\u00ea um basta \u00e0s tarifas abusivas\u201d, disse o l\u00edder do governo.<\/p>\n\n\n\n<p>Bezerra acrescentou que, se a Aneel n\u00e3o tomar provid\u00eancias em um prazo considerado adequado, o governo apoiar\u00e1 um novo projeto de lei estabelecendo limites para essas tarifas.<\/p>\n","protected":false},"excerpt":{"rendered":"<p>O Senado aprovou, nesta segunda-feira (25), um projeto de lei (PL) que pro\u00edbe o corte de luz por falta de pagamento em v\u00e9speras do fim&hellip; <\/p>\n","protected":false},"author":2,"featured_media":171478,"comment_status":"closed","ping_status":"closed","sticky":false,"template":"","format":"standard","meta":{"sfsi_plus_gutenberg_text_before_share":"","sfsi_plus_gutenberg_show_text_before_share":"","sfsi_plus_gutenberg_icon_type":"","sfsi_plus_gutenberg_icon_alignemt":"","sfsi_plus_gutenburg_max_per_row":"","footnotes":""},"categories":[2],"tags":[],"class_list":["post-171477","post","type-post","status-publish","format-standard","has-post-thumbnail","hentry","category-geral"],"_links":{"self":[{"href":"https:\/\/www.caririemacao.com\/1\/wp-json\/wp\/v2\/posts\/171477","targetHints":{"allow":["GET"]}}],"collection":[{"href":"https:\/\/www.caririemacao.com\/1\/wp-json\/wp\/v2\/posts"}],"about":[{"href":"https:\/\/www.caririemacao.com\/1\/wp-json\/wp\/v2\/types\/post"}],"author":[{"embeddable":true,"href":"https:\/\/www.caririemacao.com\/1\/wp-json\/wp\/v2\/users\/2"}],"replies":[{"embeddable":true,"href":"https:\/\/www.caririemacao.com\/1\/wp-json\/wp\/v2\/comments?post=171477"}],"version-history":[{"count":1,"href":"https:\/\/www.caririemacao.com\/1\/wp-json\/wp\/v2\/posts\/171477\/revisions"}],"predecessor-version":[{"id":171480,"href":"https:\/\/www.caririemacao.com\/1\/wp-json\/wp\/v2\/posts\/171477\/revisions\/171480"}],"wp:featuredmedia":[{"embeddable":true,"href":"https:\/\/www.caririemacao.com\/1\/wp-json\/wp\/v2\/media\/171478"}],"wp:attachment":[{"href":"https:\/\/www.caririemacao.com\/1\/wp-json\/wp\/v2\/media?parent=171477"}],"wp:term":[{"taxonomy":"category","embeddable":true,"href":"https:\/\/www.caririemacao.com\/1\/wp-json\/wp\/v2\/categories?post=171477"},{"taxonomy":"post_tag","embeddable":true,"href":"https:\/\/www.caririemacao.com\/1\/wp-json\/wp\/v2\/tags?post=171477"}],"curies":[{"name":"wp","href":"https:\/\/api.w.org\/{rel}","templated":true}]}}