{"id":171482,"date":"2020-05-26T07:35:27","date_gmt":"2020-05-26T10:35:27","guid":{"rendered":"https:\/\/www.caririemacao.com\/1\/?p=171482"},"modified":"2020-05-26T07:35:27","modified_gmt":"2020-05-26T10:35:27","slug":"brasil-alcanca-marca-de-10-mil-adocoes-de-criancas-em-5-anos","status":"publish","type":"post","link":"https:\/\/www.caririemacao.com\/1\/2020\/05\/26\/brasil-alcanca-marca-de-10-mil-adocoes-de-criancas-em-5-anos\/","title":{"rendered":"Brasil alcan\u00e7a marca de 10 mil ado\u00e7\u00f5es de crian\u00e7as em 5 anos"},"content":{"rendered":"\n<h2 class=\"wp-block-heading\"><\/h2>\n\n\n\n<p>O Conselho Nacional de Justi\u00e7a (CNJ) informou hoje (25) que o Brasil atingiu a marca de 10 mil ado\u00e7\u00f5es de crian\u00e7as e adolescentes em cinco anos. O levantamento tamb\u00e9m mostra que 5.026 crian\u00e7as est\u00e3o aptas para ado\u00e7\u00e3o e h\u00e1 34.443 pretendentes. O tempo entre o pedido e a aprova\u00e7\u00e3o da ado\u00e7\u00e3o \u00e9 de 4,3 anos.&nbsp;<\/p>\n\n\n\n<p>Os dados foram divulgados em celebra\u00e7\u00e3o ao Dia Nacional da Ado\u00e7\u00e3o, lembrado nesta segunda-feira, e fazem parte do novo Sistema Nacional de Ado\u00e7\u00e3o e Acolhimento, plataforma que auxilia ju\u00edzes de varas da inf\u00e2ncia em todo o pa\u00eds na condu\u00e7\u00e3o de processos de ado\u00e7\u00e3o.&nbsp;<\/p>\n\n\n\n<p>Lan\u00e7ado em agosto de 2019, o sistema concentra informa\u00e7\u00f5es de institui\u00e7\u00f5es de acolhimento de crian\u00e7as e adolescentes abrigados em todo o pa\u00eds e \u00e9 oriundo da jun\u00e7\u00e3o do Cadastro Nacional de Ado\u00e7\u00e3o (CNA) e do Cadastro de Crian\u00e7as Acolhidas, que j\u00e1 existiam.&nbsp;&nbsp;<\/p>\n\n\n\n<p>Com a nova vers\u00e3o, a busca de pretendentes para crian\u00e7as aptas a ado\u00e7\u00e3o \u00e9&nbsp;feita de forma autom\u00e1tica, conforme as regras do Estatuto da Crian\u00e7a e do Adolescente (ECA). O programa tamb\u00e9m emite&nbsp;alertas de cumprimento dos prazos processuais das ado\u00e7\u00f5es e comunica&nbsp;aos interessados na ado\u00e7\u00e3o sobre atualiza\u00e7\u00f5es de cadastro.<\/p>\n","protected":false},"excerpt":{"rendered":"<p>O Conselho Nacional de Justi\u00e7a (CNJ) informou hoje (25) que o Brasil atingiu a marca de 10 mil ado\u00e7\u00f5es de crian\u00e7as e adolescentes em cinco&hellip; <\/p>\n","protected":false},"author":2,"featured_media":171483,"comment_status":"closed","ping_status":"closed","sticky":false,"template":"","format":"standard","meta":{"sfsi_plus_gutenberg_text_before_share":"","sfsi_plus_gutenberg_show_text_before_share":"","sfsi_plus_gutenberg_icon_type":"","sfsi_plus_gutenberg_icon_alignemt":"","sfsi_plus_gutenburg_max_per_row":"","footnotes":""},"categories":[2],"tags":[],"class_list":["post-171482","post","type-post","status-publish","format-standard","has-post-thumbnail","hentry","category-geral"],"_links":{"self":[{"href":"https:\/\/www.caririemacao.com\/1\/wp-json\/wp\/v2\/posts\/171482","targetHints":{"allow":["GET"]}}],"collection":[{"href":"https:\/\/www.caririemacao.com\/1\/wp-json\/wp\/v2\/posts"}],"about":[{"href":"https:\/\/www.caririemacao.com\/1\/wp-json\/wp\/v2\/types\/post"}],"author":[{"embeddable":true,"href":"https:\/\/www.caririemacao.com\/1\/wp-json\/wp\/v2\/users\/2"}],"replies":[{"embeddable":true,"href":"https:\/\/www.caririemacao.com\/1\/wp-json\/wp\/v2\/comments?post=171482"}],"version-history":[{"count":1,"href":"https:\/\/www.caririemacao.com\/1\/wp-json\/wp\/v2\/posts\/171482\/revisions"}],"predecessor-version":[{"id":171484,"href":"https:\/\/www.caririemacao.com\/1\/wp-json\/wp\/v2\/posts\/171482\/revisions\/171484"}],"wp:featuredmedia":[{"embeddable":true,"href":"https:\/\/www.caririemacao.com\/1\/wp-json\/wp\/v2\/media\/171483"}],"wp:attachment":[{"href":"https:\/\/www.caririemacao.com\/1\/wp-json\/wp\/v2\/media?parent=171482"}],"wp:term":[{"taxonomy":"category","embeddable":true,"href":"https:\/\/www.caririemacao.com\/1\/wp-json\/wp\/v2\/categories?post=171482"},{"taxonomy":"post_tag","embeddable":true,"href":"https:\/\/www.caririemacao.com\/1\/wp-json\/wp\/v2\/tags?post=171482"}],"curies":[{"name":"wp","href":"https:\/\/api.w.org\/{rel}","templated":true}]}}