{"id":171646,"date":"2020-05-27T06:54:31","date_gmt":"2020-05-27T09:54:31","guid":{"rendered":"https:\/\/www.caririemacao.com\/1\/?p=171646"},"modified":"2020-05-27T06:54:31","modified_gmt":"2020-05-27T09:54:31","slug":"moraes-manda-weintraub-prestar-depoimento-a-pf-em-5-dias-por-defender-prisao-de-ministros-do-stf","status":"publish","type":"post","link":"https:\/\/www.caririemacao.com\/1\/2020\/05\/27\/moraes-manda-weintraub-prestar-depoimento-a-pf-em-5-dias-por-defender-prisao-de-ministros-do-stf\/","title":{"rendered":"Moraes manda Weintraub prestar depoimento \u00e0 PF em 5 dias por defender pris\u00e3o de ministros do STF"},"content":{"rendered":"\n<h1 class=\"wp-block-heading\"><\/h1>\n\n\n\n<p>Moraes classificou a manifesta\u00e7\u00e3o de Weintraub como &#8220;grav\u00edssima&#8221; por n\u00e3o atingir apenas a honra dos magistrados, mas por tamb\u00e9m constituir &#8220;amea\u00e7a ilegal \u00e0 seguran\u00e7a dos ministros do STF&#8221;.<\/p>\n\n\n\n<p>Al\u00e9m disso, a declara\u00e7\u00e3o, segundo o ministro, &#8220;reveste-se de claro intuito de lesar a independ\u00eancia do Poder Judici\u00e1rio e a manuten\u00e7\u00e3o do Estado de Direito&#8221;.<br>A decis\u00e3o foi dada no \u00e2mbito do inqu\u00e9rito aberto pela corte em 14 de mar\u00e7o de 2019, sem pedido da Procuradoria-Geral da Rep\u00fablica, para apurar a dissemina\u00e7\u00e3o de fake news contra o Supremo.<\/p>\n\n\n\n<p>O ministro \u00e9 o relator das investiga\u00e7\u00f5es, que correm sob sigilo.<\/p>\n\n\n\n<p>Moraes afirmou que a afirma\u00e7\u00e3o de Weintraub pode ser enquadrada nos artigos do C\u00f3digo Penal que tratam de inj\u00faria e difama\u00e7\u00e3o.<\/p>\n\n\n\n<p>A reuni\u00e3o foi tornada p\u00fablica por decis\u00e3o do ministro Celso de Mello, que foi criticada pelo presidente Jair Bolsonaro.<\/p>\n\n\n\n<p>O encontro foi citado por Sergio Moro em depoimento \u00e0 Pol\u00edcia Federal no inqu\u00e9rito aberto ap\u00f3s o ex-ministro pedir demiss\u00e3o do Minist\u00e9rio da Justi\u00e7a com graves acusa\u00e7\u00f5es ao chefe do Executivo.<\/p>\n\n\n\n<p>Moro diz saiu do governo devido \u00e0 tentativa do presidente de violar a autonomia da Pol\u00edcia Federal.<\/p>\n\n\n\n<p>A reuni\u00e3o foi citada pelo ex-juiz da Lava Jato como um dos epis\u00f3dios em que foi pressionado por Bolsonaro para trocar, sem motivo, o diretor-geral da PF e o superintendente da corpora\u00e7\u00e3o no Rio de Janeiro.<\/p>\n\n\n\n<p>Com a divulga\u00e7\u00e3o do v\u00eddeo, al\u00e9m dos fatos relacionados ao inqu\u00e9rito, vieram \u00e0 tona as declara\u00e7\u00f5es de Weintraub sobre o Supremo.<\/p>\n\n\n\n<p>O ministro da Educa\u00e7\u00e3o fez uma cr\u00edtica ampla aos poderes em Bras\u00edlia antes de dizer que, por ele, colocaria todos na pris\u00e3o, come\u00e7ando pelo Supremo.<\/p>\n\n\n\n<p>&#8220;Eu tinha uma vis\u00e3o extremamente negativa de Bras\u00edlia. Bras\u00edlia \u00e9 muito pior do que eu podia imaginar. As pessoas aqui perdem a percep\u00e7\u00e3o, a empatia, a rela\u00e7\u00e3o com o povo. Se sentem inexpugn\u00e1veis&#8221;, disse.<\/p>\n","protected":false},"excerpt":{"rendered":"<p>Moraes classificou a manifesta\u00e7\u00e3o de Weintraub como &#8220;grav\u00edssima&#8221; por n\u00e3o atingir apenas a honra dos magistrados, mas por tamb\u00e9m constituir &#8220;amea\u00e7a ilegal \u00e0 seguran\u00e7a dos&hellip; <\/p>\n","protected":false},"author":2,"featured_media":171649,"comment_status":"closed","ping_status":"closed","sticky":false,"template":"","format":"standard","meta":{"sfsi_plus_gutenberg_text_before_share":"","sfsi_plus_gutenberg_show_text_before_share":"","sfsi_plus_gutenberg_icon_type":"","sfsi_plus_gutenberg_icon_alignemt":"","sfsi_plus_gutenburg_max_per_row":"","footnotes":""},"categories":[2],"tags":[],"class_list":["post-171646","post","type-post","status-publish","format-standard","has-post-thumbnail","hentry","category-geral"],"_links":{"self":[{"href":"https:\/\/www.caririemacao.com\/1\/wp-json\/wp\/v2\/posts\/171646","targetHints":{"allow":["GET"]}}],"collection":[{"href":"https:\/\/www.caririemacao.com\/1\/wp-json\/wp\/v2\/posts"}],"about":[{"href":"https:\/\/www.caririemacao.com\/1\/wp-json\/wp\/v2\/types\/post"}],"author":[{"embeddable":true,"href":"https:\/\/www.caririemacao.com\/1\/wp-json\/wp\/v2\/users\/2"}],"replies":[{"embeddable":true,"href":"https:\/\/www.caririemacao.com\/1\/wp-json\/wp\/v2\/comments?post=171646"}],"version-history":[{"count":1,"href":"https:\/\/www.caririemacao.com\/1\/wp-json\/wp\/v2\/posts\/171646\/revisions"}],"predecessor-version":[{"id":171650,"href":"https:\/\/www.caririemacao.com\/1\/wp-json\/wp\/v2\/posts\/171646\/revisions\/171650"}],"wp:featuredmedia":[{"embeddable":true,"href":"https:\/\/www.caririemacao.com\/1\/wp-json\/wp\/v2\/media\/171649"}],"wp:attachment":[{"href":"https:\/\/www.caririemacao.com\/1\/wp-json\/wp\/v2\/media?parent=171646"}],"wp:term":[{"taxonomy":"category","embeddable":true,"href":"https:\/\/www.caririemacao.com\/1\/wp-json\/wp\/v2\/categories?post=171646"},{"taxonomy":"post_tag","embeddable":true,"href":"https:\/\/www.caririemacao.com\/1\/wp-json\/wp\/v2\/tags?post=171646"}],"curies":[{"name":"wp","href":"https:\/\/api.w.org\/{rel}","templated":true}]}}