{"id":171647,"date":"2020-05-27T06:55:23","date_gmt":"2020-05-27T09:55:23","guid":{"rendered":"https:\/\/www.caririemacao.com\/1\/?p=171647"},"modified":"2020-05-27T06:55:23","modified_gmt":"2020-05-27T09:55:23","slug":"mandados-de-busca-e-apreensao-sao-cumpridos-em-operacao-da-policia-civil-em-joao-pessoa","status":"publish","type":"post","link":"https:\/\/www.caririemacao.com\/1\/2020\/05\/27\/mandados-de-busca-e-apreensao-sao-cumpridos-em-operacao-da-policia-civil-em-joao-pessoa\/","title":{"rendered":"Mandados de busca e apreens\u00e3o s\u00e3o cumpridos em opera\u00e7\u00e3o da Pol\u00edcia Civil, em Jo\u00e3o Pessoa"},"content":{"rendered":"\n<p>Foi deflagrada na manh\u00e3 desta quarta-feira (27) a Opera\u00e7\u00e3o Alvorada, da Pol\u00edcia Civil, em Jo\u00e3o Pessoa. S\u00e3o cumpridos nove mandados de busca e apreens\u00e3o domiciliar, em resid\u00eancia no bairro do Rangel e. na comunidade Paulo Afonso.<\/p>\n\n\n\n<p>De acordo com o Superintendente Regional Luciano Soares, a opera\u00e7\u00e3o \u00e9 contra suspeitos de homic\u00eddios, tr\u00e1fico de drogas e associa\u00e7\u00e3o ao tr\u00e1fico.<\/p>\n\n\n\n<p>A opera\u00e7\u00e3o \u00e9 coordenada pela delegacia de homic\u00eddio de Jo\u00e3o Pessoa. At\u00e9 as 6h10 n\u00e3o houve nenhuma pris\u00e3o em flagrante, mas os mandados seguem sendo cumpridos.<\/p>\n","protected":false},"excerpt":{"rendered":"<p>Foi deflagrada na manh\u00e3 desta quarta-feira (27) a Opera\u00e7\u00e3o Alvorada, da Pol\u00edcia Civil, em Jo\u00e3o Pessoa. S\u00e3o cumpridos nove mandados de busca e apreens\u00e3o domiciliar,&hellip; <\/p>\n","protected":false},"author":1,"featured_media":171648,"comment_status":"closed","ping_status":"closed","sticky":false,"template":"","format":"standard","meta":{"sfsi_plus_gutenberg_text_before_share":"","sfsi_plus_gutenberg_show_text_before_share":"","sfsi_plus_gutenberg_icon_type":"","sfsi_plus_gutenberg_icon_alignemt":"","sfsi_plus_gutenburg_max_per_row":"","footnotes":""},"categories":[6,12],"tags":[],"class_list":["post-171647","post","type-post","status-publish","format-standard","has-post-thumbnail","hentry","category-cidades","category-policia"],"_links":{"self":[{"href":"https:\/\/www.caririemacao.com\/1\/wp-json\/wp\/v2\/posts\/171647","targetHints":{"allow":["GET"]}}],"collection":[{"href":"https:\/\/www.caririemacao.com\/1\/wp-json\/wp\/v2\/posts"}],"about":[{"href":"https:\/\/www.caririemacao.com\/1\/wp-json\/wp\/v2\/types\/post"}],"author":[{"embeddable":true,"href":"https:\/\/www.caririemacao.com\/1\/wp-json\/wp\/v2\/users\/1"}],"replies":[{"embeddable":true,"href":"https:\/\/www.caririemacao.com\/1\/wp-json\/wp\/v2\/comments?post=171647"}],"version-history":[{"count":1,"href":"https:\/\/www.caririemacao.com\/1\/wp-json\/wp\/v2\/posts\/171647\/revisions"}],"predecessor-version":[{"id":171652,"href":"https:\/\/www.caririemacao.com\/1\/wp-json\/wp\/v2\/posts\/171647\/revisions\/171652"}],"wp:featuredmedia":[{"embeddable":true,"href":"https:\/\/www.caririemacao.com\/1\/wp-json\/wp\/v2\/media\/171648"}],"wp:attachment":[{"href":"https:\/\/www.caririemacao.com\/1\/wp-json\/wp\/v2\/media?parent=171647"}],"wp:term":[{"taxonomy":"category","embeddable":true,"href":"https:\/\/www.caririemacao.com\/1\/wp-json\/wp\/v2\/categories?post=171647"},{"taxonomy":"post_tag","embeddable":true,"href":"https:\/\/www.caririemacao.com\/1\/wp-json\/wp\/v2\/tags?post=171647"}],"curies":[{"name":"wp","href":"https:\/\/api.w.org\/{rel}","templated":true}]}}