{"id":171653,"date":"2020-05-27T06:58:39","date_gmt":"2020-05-27T09:58:39","guid":{"rendered":"https:\/\/www.caririemacao.com\/1\/?p=171653"},"modified":"2020-05-27T06:58:39","modified_gmt":"2020-05-27T09:58:39","slug":"maia-defende-papel-da-imprensa-na-democracia-e-prega-respeito-a-decisoes-do-stf","status":"publish","type":"post","link":"https:\/\/www.caririemacao.com\/1\/2020\/05\/27\/maia-defende-papel-da-imprensa-na-democracia-e-prega-respeito-a-decisoes-do-stf\/","title":{"rendered":"Maia defende papel da imprensa na democracia e prega respeito a decis\u00f5es do STF"},"content":{"rendered":"\n<h1 class=\"wp-block-heading\"><\/h1>\n\n\n\n<p>O discurso foi feito um dia depois de ve\u00edculos de comunica\u00e7\u00e3o suspenderem temporariamente a cobertura jornal\u00edstica no Pal\u00e1cio da Alvorada por falta de seguran\u00e7a aos profissionais de imprensa.<\/p>\n\n\n\n<p>No plen\u00e1rio, Maia, que n\u00e3o citou o epis\u00f3dio, ressaltou a rela\u00e7\u00e3o &#8220;constante e construtiva&#8221; do Congresso com a imprensa e disse receber &#8220;cr\u00edticas e an\u00e1lises com humildade&#8221;. &#8220;Porque todos sabemos o important\u00edssimo papel da imprensa livre, e dos profissionais de imprensa, na consolida\u00e7\u00e3o da democracia.&#8221;<\/p>\n\n\n\n<p>Nesta ter\u00e7a, ap\u00f3s a decis\u00e3o dos ve\u00edculos de comunica\u00e7\u00e3o, o GSI (Gabinete de Seguran\u00e7a Institucional) disse que continuar\u00e1 aperfei\u00e7oando a seguran\u00e7a do local.<br>No pronunciamento, Maia tamb\u00e9m defendeu a independ\u00eancia entre os Poderes como pilar fundamental da democracia. Sem citar nenhuma medida espec\u00edfica, o deputado disse que &#8220;ministros do STF sabem que este Parlamento respeita e cumpre as decis\u00f5es judiciais, mesmo quando delas discorda&#8221;.<\/p>\n\n\n\n<p>&#8220;\u00c9 isso o que determina a Carta constitucional, e todos juramos respeit\u00e1-la&#8221;, disse Maia.<\/p>\n\n\n\n<p>A declara\u00e7\u00e3o ocorre dias ap\u00f3s o presidente Jair Bolsonaro (sem partido) e seus ministros criticarem decis\u00e3o de Celso de Mello, do Supremo, que autorizou a divulga\u00e7\u00e3o do v\u00eddeo da reuni\u00e3o ministerial de 22 de abril.<\/p>\n\n\n\n<p>A grava\u00e7\u00e3o \u00e9 apontada pelo ex-ministro da Justi\u00e7a Sergio Moro como prova de que Bolsonaro tentou intervir na Pol\u00edcia Federal.<\/p>\n\n\n\n<p>No \u00faltimo domingo (24), o presidente divulgou em uma rede social um trecho da lei de abuso de autoridade, no que foi entendido como um ataque direto \u00e0 corte.<\/p>\n\n\n\n<p>A postagem traz uma foto de um artigo da lei 13.869, de 2019. &#8220;Art. 28 Divulgar grava\u00e7\u00e3o ou trecho de grava\u00e7\u00e3o sem rela\u00e7\u00e3o com a prova que se pretenda produzir, expondo a intimidade ou a vida privada ou ferindo a honra ou a imagem do investiga ou acusado: pena &#8211; deten\u00e7\u00e3o de 1 (um) a 4 (quatro) anos.&#8221;<\/p>\n\n\n\n<p>No discurso nesta ter\u00e7a, Maia pregou a &#8220;pacifica\u00e7\u00e3o dos esp\u00edritos&#8221; e afirmou ser &#8220;imprescind\u00edvel cuidar da rela\u00e7\u00e3o harmoniosa e independente entre os Poderes da Rep\u00fablica&#8221;.<\/p>\n\n\n\n<p>&#8220;O sistema democr\u00e1tico exige a conviv\u00eancia republicana entre Executivo e Legislativo&#8221;, afirmou. No entanto, o deputado alfinetou Bolsonaro, frequentemente criticado por descumprir orienta\u00e7\u00f5es de sa\u00fade no combate \u00e0 pandemia do novo coronav\u00edrus.<\/p>\n\n\n\n<p>&#8220;O povo brasileiro espera que cada um de n\u00f3s, detentores de mandatos p\u00fablicos, tenha consci\u00eancia do papel a desempenhar na busca de solu\u00e7\u00f5es para enfrentar o v\u00edrus que mata&#8221;, disse Maia.<\/p>\n\n\n\n<p>Nesse sentido, criticou a narrativa do presidente e de seus aliados, que relacionam medidas protetivas adotadas por governantes estaduais e municipais \u00e0 crise econ\u00f4mica que o pa\u00eds vai passar em decorr\u00eancia da pandemia.<\/p>\n\n\n\n<p>&#8220;A quarentena, o isolamento social, n\u00e3o s\u00e3o os culpados por derrubar a economia. Quem derruba a economia \u00e9 o v\u00edrus&#8221;, afirmou Maia. &#8220;O distanciamento moment\u00e2neo entre as pessoas salva vidas.&#8221;<\/p>\n","protected":false},"excerpt":{"rendered":"<p>O discurso foi feito um dia depois de ve\u00edculos de comunica\u00e7\u00e3o suspenderem temporariamente a cobertura jornal\u00edstica no Pal\u00e1cio da Alvorada por falta de seguran\u00e7a aos&hellip; <\/p>\n","protected":false},"author":2,"featured_media":171655,"comment_status":"closed","ping_status":"closed","sticky":false,"template":"","format":"standard","meta":{"sfsi_plus_gutenberg_text_before_share":"","sfsi_plus_gutenberg_show_text_before_share":"","sfsi_plus_gutenberg_icon_type":"","sfsi_plus_gutenberg_icon_alignemt":"","sfsi_plus_gutenburg_max_per_row":"","footnotes":""},"categories":[2],"tags":[],"class_list":["post-171653","post","type-post","status-publish","format-standard","has-post-thumbnail","hentry","category-geral"],"_links":{"self":[{"href":"https:\/\/www.caririemacao.com\/1\/wp-json\/wp\/v2\/posts\/171653","targetHints":{"allow":["GET"]}}],"collection":[{"href":"https:\/\/www.caririemacao.com\/1\/wp-json\/wp\/v2\/posts"}],"about":[{"href":"https:\/\/www.caririemacao.com\/1\/wp-json\/wp\/v2\/types\/post"}],"author":[{"embeddable":true,"href":"https:\/\/www.caririemacao.com\/1\/wp-json\/wp\/v2\/users\/2"}],"replies":[{"embeddable":true,"href":"https:\/\/www.caririemacao.com\/1\/wp-json\/wp\/v2\/comments?post=171653"}],"version-history":[{"count":1,"href":"https:\/\/www.caririemacao.com\/1\/wp-json\/wp\/v2\/posts\/171653\/revisions"}],"predecessor-version":[{"id":171656,"href":"https:\/\/www.caririemacao.com\/1\/wp-json\/wp\/v2\/posts\/171653\/revisions\/171656"}],"wp:featuredmedia":[{"embeddable":true,"href":"https:\/\/www.caririemacao.com\/1\/wp-json\/wp\/v2\/media\/171655"}],"wp:attachment":[{"href":"https:\/\/www.caririemacao.com\/1\/wp-json\/wp\/v2\/media?parent=171653"}],"wp:term":[{"taxonomy":"category","embeddable":true,"href":"https:\/\/www.caririemacao.com\/1\/wp-json\/wp\/v2\/categories?post=171653"},{"taxonomy":"post_tag","embeddable":true,"href":"https:\/\/www.caririemacao.com\/1\/wp-json\/wp\/v2\/tags?post=171653"}],"curies":[{"name":"wp","href":"https:\/\/api.w.org\/{rel}","templated":true}]}}