{"id":171661,"date":"2020-05-27T07:12:43","date_gmt":"2020-05-27T10:12:43","guid":{"rendered":"https:\/\/www.caririemacao.com\/1\/?p=171661"},"modified":"2020-05-27T07:13:48","modified_gmt":"2020-05-27T10:13:48","slug":"vem-a-cama-vazia-e-terrivel-diz-pai-de-gabriel-diniz-apos-1-ano-da-morte-do-cantor","status":"publish","type":"post","link":"https:\/\/www.caririemacao.com\/1\/2020\/05\/27\/vem-a-cama-vazia-e-terrivel-diz-pai-de-gabriel-diniz-apos-1-ano-da-morte-do-cantor\/","title":{"rendered":"&#8216;Ver a cama vazia \u00e9 terr\u00edvel&#8217;, diz pai de Gabriel Diniz ap\u00f3s 1 ano da morte do cantor"},"content":{"rendered":"\n<p>O cantor&nbsp;Gabriel Diniz morreu h\u00e1 um ano, ap\u00f3s um acidente a\u00e9reo em Sergipe. Ao&nbsp;<strong>G1<\/strong>, Cizinato Diniz, pai do artista, comentou a saudade do filho, que nasceu no Mato Grosso do Sul mas ainda crian\u00e7a foi morar em Jo\u00e3o Pessoa, na Para\u00edba, estado natal dos pais. &#8220;GD&#8221;, como \u00e9 conhecido, ficou nacionalmente famoso ap\u00f3s o sucesso do hit &#8216;Jenifer&#8217;, no in\u00edcio de 2019.<\/p>\n\n\n\n<p>Cizinato conta que a fam\u00edlia tem aceitado melhor a partida de Gabriel. \u201cA cada dia que passa a gente entende que Gabriel foi embora mesmo. \u00c9 muito dif\u00edcil, mas \u00e9 assim mesmo\u201d, diz.<\/p>\n\n\n\n<p>Al\u00e9m das mem\u00f3rias que retornam com a data do acidente, Cizinato comenta que as lembran\u00e7as s\u00e3o mais fortes na casa onde vivem, em Jo\u00e3o Pessoa.<\/p>\n\n\n\n<blockquote class=\"wp-block-quote is-layout-flow wp-block-quote-is-layout-flow\"><p>\u201cO que mais me faz lembrar Gabriel hoje \u00e9 passar no quarto dele e ver a cama vazia, isso pra gente \u00e9 terr\u00edvel\u201d, relata o pai.<\/p><\/blockquote>\n\n\n\n<figure class=\"wp-block-image\"><img decoding=\"async\" data-src=\"https:\/\/s2.glbimg.com\/0iXAfo5_abbsnbQFF4IXQGnRT5E=\/0x0:1920x1080\/984x0\/smart\/filters:strip_icc()\/i.s3.glbimg.com\/v1\/AUTH_59edd422c0c84a879bd37670ae4f538a\/internal_photos\/bs\/2019\/a\/a\/tTHC8XR9alS5XS15gfAQ\/untitled-66.00-00-04-19.quadro002.jpg\" alt=\"Pai de Gabriel Diniz, Cizinato Diniz.  \u2014 Foto: TV Globo\/Reprodu\u00e7\u00e3o\" src=\"data:image\/svg+xml;base64,PHN2ZyB3aWR0aD0iMSIgaGVpZ2h0PSIxIiB4bWxucz0iaHR0cDovL3d3dy53My5vcmcvMjAwMC9zdmciPjwvc3ZnPg==\" class=\"lazyload\" \/><\/figure>\n\n\n\n<p>Pai de Gabriel Diniz, Cizinato Diniz. \u2014 Foto: TV Globo\/Reprodu\u00e7\u00e3o<\/p>\n\n\n\n<p>Atualmente, Cizinato se dedica \u00e0&nbsp;carreira de Luka Bass,&nbsp;ex-integrante da equipe de Gabriel Diniz. O pai tamb\u00e9m organizou um show beneficente para arrecadar fundos para institui\u00e7\u00f5es que combatem o coronav\u00edrus. Seu Cizinato tamb\u00e9m pretende criar um ambiente com as mem\u00f3rias de Gabriel, onde uma taxa de entrada ser\u00e1 revertida para institui\u00e7\u00f5es de caridade.<\/p>\n\n\n\n<p>Para \u201clembrar e festejar o quanto Gabriel foi feliz e contagiante\u201d, a fam\u00edlia far\u00e1 uma missa virtual com transmiss\u00e3o ao vivo no&nbsp;canal do cantor no Youtube, nesta quarta-feira (27).<\/p>\n\n\n\n<p>Os f\u00e3s de Gabriel Diniz tamb\u00e9m ir\u00e3o se reunir para homenage\u00e1-lo. Em uma outra transmiss\u00e3o ao vivo, \u00e0s 19h de quinta-feira (28)&nbsp;no canal do f\u00e3 clube \u201cMem\u00f3rias do GD\u201d, tamb\u00e9m no Youtube.<\/p>\n\n\n\n<p>Organizador da homenagem, Felipe Alencar, f\u00e3 de Gabriel, fala da saudades do \u00eddolo. &#8220;Sinto tristeza, muitas saudades e tamb\u00e9m alegria, amor, paz e leveza quando lembro dele, uma vez que ele transmitia e defendia com unhas e dentes todas essas boas emo\u00e7\u00f5es em todos os momentos de sua vida. Eu luto para sempre lembrar do Gabriel dessa forma. Atrav\u00e9s dos bons momentos. Das boas lembran\u00e7as. Das mem\u00f3rias que transmitem felicidade&#8221;, comenta o f\u00e3.<\/p>\n\n\n\n<figure class=\"wp-block-image\"><img decoding=\"async\" data-src=\"https:\/\/s2.glbimg.com\/r5z7fRNABK7hRAI8EnLjupC9ol0=\/0x0:1080x1075\/984x0\/smart\/filters:strip_icc()\/i.s3.glbimg.com\/v1\/AUTH_59edd422c0c84a879bd37670ae4f538a\/internal_photos\/bs\/2020\/1\/3\/LZ70Y6R5e50Mu2lU2Tjg\/felipeegd.jpg\" alt=\"F\u00e3 Felipe Alencar e Gabriel Diniz, em foto tirada em 2018 \u2014 Foto: Felipe Alencar\/Arquivo Pessoal\" src=\"data:image\/svg+xml;base64,PHN2ZyB3aWR0aD0iMSIgaGVpZ2h0PSIxIiB4bWxucz0iaHR0cDovL3d3dy53My5vcmcvMjAwMC9zdmciPjwvc3ZnPg==\" class=\"lazyload\" \/><\/figure>\n\n\n\n<p>F\u00e3 Felipe Alencar e Gabriel Diniz, em foto tirada em 2018 \u2014 Foto: Felipe Alencar\/Arquivo Pessoal<\/p>\n\n\n\n<p>Gabriel morreu aos 28 anos, na queda de um avi\u00e3o de pequeno porte no povoado Porto do Mato, em Est\u00e2ncia, na regi\u00e3o sul de Sergipe. Al\u00e9m dele, os pilotos Linaldo Xavier e Abra\u00e3o Farias tamb\u00e9m faleceram no acidente.<\/p>\n\n\n\n<p>Ap\u00f3s investiga\u00e7\u00f5es, a Ag\u00eancia Nacional de Avia\u00e7\u00e3o Civil (Anac)&nbsp;concluiu que avi\u00e3o realizava t\u00e1xi a\u00e9reo de forma ilegal&nbsp;e autuou o Aeroclube de Alagoas, propriet\u00e1rio da aeronave.<\/p>\n\n\n\n<p>Mas,&nbsp;ap\u00f3s um ano e sucessivos pedidos de adiamento de prazo \u00e0 Justi\u00e7a, a Pol\u00edcia Federal ainda n\u00e3o concluiu a investiga\u00e7\u00e3o&nbsp;sobre o acidente a\u00e9reo. De acordo com o delegado da PF em Sergipe, M\u00e1rcio Alberto Gomes Silva, respons\u00e1vel pelo inqu\u00e9rito, ainda s\u00e3o aguardados laudos periciais elaborados pelo Centro de Investiga\u00e7\u00e3o e Preven\u00e7\u00e3o de Acidentes Aeron\u00e1uticos (Cenipa) e pelo Instituto Nacional de Criminal\u00edstica da Pol\u00edcia Federal, que j\u00e1 foram requisitados.<\/p>\n","protected":false},"excerpt":{"rendered":"<p>O cantor&nbsp;Gabriel Diniz morreu h\u00e1 um ano, ap\u00f3s um acidente a\u00e9reo em Sergipe. Ao&nbsp;G1, Cizinato Diniz, pai do artista, comentou a saudade do filho, que&hellip; <\/p>\n","protected":false},"author":1,"featured_media":171663,"comment_status":"closed","ping_status":"closed","sticky":false,"template":"","format":"standard","meta":{"sfsi_plus_gutenberg_text_before_share":"","sfsi_plus_gutenberg_show_text_before_share":"","sfsi_plus_gutenberg_icon_type":"","sfsi_plus_gutenberg_icon_alignemt":"","sfsi_plus_gutenburg_max_per_row":"","footnotes":""},"categories":[2],"tags":[],"class_list":["post-171661","post","type-post","status-publish","format-standard","has-post-thumbnail","hentry","category-geral"],"_links":{"self":[{"href":"https:\/\/www.caririemacao.com\/1\/wp-json\/wp\/v2\/posts\/171661","targetHints":{"allow":["GET"]}}],"collection":[{"href":"https:\/\/www.caririemacao.com\/1\/wp-json\/wp\/v2\/posts"}],"about":[{"href":"https:\/\/www.caririemacao.com\/1\/wp-json\/wp\/v2\/types\/post"}],"author":[{"embeddable":true,"href":"https:\/\/www.caririemacao.com\/1\/wp-json\/wp\/v2\/users\/1"}],"replies":[{"embeddable":true,"href":"https:\/\/www.caririemacao.com\/1\/wp-json\/wp\/v2\/comments?post=171661"}],"version-history":[{"count":2,"href":"https:\/\/www.caririemacao.com\/1\/wp-json\/wp\/v2\/posts\/171661\/revisions"}],"predecessor-version":[{"id":171664,"href":"https:\/\/www.caririemacao.com\/1\/wp-json\/wp\/v2\/posts\/171661\/revisions\/171664"}],"wp:featuredmedia":[{"embeddable":true,"href":"https:\/\/www.caririemacao.com\/1\/wp-json\/wp\/v2\/media\/171663"}],"wp:attachment":[{"href":"https:\/\/www.caririemacao.com\/1\/wp-json\/wp\/v2\/media?parent=171661"}],"wp:term":[{"taxonomy":"category","embeddable":true,"href":"https:\/\/www.caririemacao.com\/1\/wp-json\/wp\/v2\/categories?post=171661"},{"taxonomy":"post_tag","embeddable":true,"href":"https:\/\/www.caririemacao.com\/1\/wp-json\/wp\/v2\/tags?post=171661"}],"curies":[{"name":"wp","href":"https:\/\/api.w.org\/{rel}","templated":true}]}}