{"id":171665,"date":"2020-05-27T07:50:25","date_gmt":"2020-05-27T10:50:25","guid":{"rendered":"https:\/\/www.caririemacao.com\/1\/?p=171665"},"modified":"2020-05-27T07:50:25","modified_gmt":"2020-05-27T10:50:25","slug":"stf-manda-weintraub-explicar-ofensas-a-ministros-do-supremo-a-policia-federal","status":"publish","type":"post","link":"https:\/\/www.caririemacao.com\/1\/2020\/05\/27\/stf-manda-weintraub-explicar-ofensas-a-ministros-do-supremo-a-policia-federal\/","title":{"rendered":"STF manda Weintraub explicar ofensas a ministros do Supremo \u00e0 Pol\u00edcia Federal"},"content":{"rendered":"\n<p>O ministro do Supremo Tribunal Federal Alexandre de Moraes determinou que o\u00a0ministro da Educa\u00e7\u00e3o, Abraham Weintraub, preste depoimento \u00e0 Pol\u00edcia Federal em at\u00e9 cinco dias para dar esclarecimentos sobre as declara\u00e7\u00f5es feitas durante a reuni\u00e3o ministerial cujo v\u00eddeo foi divulgado na \u00faltima sexta-feira 22.<\/p>\n\n\n\n<p>Na reuni\u00e3o, Weintraub defendeu a pris\u00e3o dos ministros do STF. \u201cEu, por mim, botava esses vagabundos todos na cadeia. Come\u00e7ando no STF\u201d, disse Weintraub. Em seguida, ap\u00f3s a repercuss\u00e3o negativa, afirmou que tentavam deturpar sua fala para desestabilizar o pa\u00eds.<\/p>\n\n\n\n<p>Alexandre de Moraes \u00e9 relator de a\u00e7\u00e3o que questiona dela\u00e7\u00f5es caluniosas de Weintraub na reuni\u00e3o, realizada dia 22 de abril. A decis\u00e3o do magistrado \u00e9 desta ter\u00e7a-feira 26, de acordo com informa\u00e7\u00f5es da CNN.<\/p>\n\n\n\n<p>Moraes tamb\u00e9m determinou imediata ci\u00eancia ao procurador-geral da Rep\u00fablica, Augusto Aras, para que, se entender necess\u00e1rio, acompanhe o depoimento de Weintraub, bem como se manifeste em rela\u00e7\u00e3o \u00e0s provid\u00eancias cab\u00edveis.<a href=\"https:\/\/find.exaude.com\/promo.php?a=fe_t_br_cortina_romana&amp;hl=br&amp;tpl=exaude&amp;source=taboola&amp;tclid=GiCXic6P-twuyizJ13UJUH0KP5zRb_XgV1kRUELycOsU8CDQ80s&amp;utm_source=wscom-wscom&amp;utm_campaign=%5BARB%5D%5BFE%5D%5BBR%5D+Cortina+Romana&amp;utm_medium=cpc&amp;tblci=GiCXic6P-twuyizJ13UJUH0KP5zRb_XgV1kRUELycOsU8CDQ80s\" rel=\"noreferrer noopener\" target=\"_blank\"><\/a><\/p>\n","protected":false},"excerpt":{"rendered":"<p>O ministro do Supremo Tribunal Federal Alexandre de Moraes determinou que o\u00a0ministro da Educa\u00e7\u00e3o, Abraham Weintraub, preste depoimento \u00e0 Pol\u00edcia Federal em at\u00e9 cinco dias&hellip; <\/p>\n","protected":false},"author":2,"featured_media":171666,"comment_status":"closed","ping_status":"closed","sticky":false,"template":"","format":"standard","meta":{"sfsi_plus_gutenberg_text_before_share":"","sfsi_plus_gutenberg_show_text_before_share":"","sfsi_plus_gutenberg_icon_type":"","sfsi_plus_gutenberg_icon_alignemt":"","sfsi_plus_gutenburg_max_per_row":"","footnotes":""},"categories":[11],"tags":[],"class_list":["post-171665","post","type-post","status-publish","format-standard","has-post-thumbnail","hentry","category-politica"],"_links":{"self":[{"href":"https:\/\/www.caririemacao.com\/1\/wp-json\/wp\/v2\/posts\/171665","targetHints":{"allow":["GET"]}}],"collection":[{"href":"https:\/\/www.caririemacao.com\/1\/wp-json\/wp\/v2\/posts"}],"about":[{"href":"https:\/\/www.caririemacao.com\/1\/wp-json\/wp\/v2\/types\/post"}],"author":[{"embeddable":true,"href":"https:\/\/www.caririemacao.com\/1\/wp-json\/wp\/v2\/users\/2"}],"replies":[{"embeddable":true,"href":"https:\/\/www.caririemacao.com\/1\/wp-json\/wp\/v2\/comments?post=171665"}],"version-history":[{"count":1,"href":"https:\/\/www.caririemacao.com\/1\/wp-json\/wp\/v2\/posts\/171665\/revisions"}],"predecessor-version":[{"id":171667,"href":"https:\/\/www.caririemacao.com\/1\/wp-json\/wp\/v2\/posts\/171665\/revisions\/171667"}],"wp:featuredmedia":[{"embeddable":true,"href":"https:\/\/www.caririemacao.com\/1\/wp-json\/wp\/v2\/media\/171666"}],"wp:attachment":[{"href":"https:\/\/www.caririemacao.com\/1\/wp-json\/wp\/v2\/media?parent=171665"}],"wp:term":[{"taxonomy":"category","embeddable":true,"href":"https:\/\/www.caririemacao.com\/1\/wp-json\/wp\/v2\/categories?post=171665"},{"taxonomy":"post_tag","embeddable":true,"href":"https:\/\/www.caririemacao.com\/1\/wp-json\/wp\/v2\/tags?post=171665"}],"curies":[{"name":"wp","href":"https:\/\/api.w.org\/{rel}","templated":true}]}}