{"id":171669,"date":"2020-05-27T07:53:05","date_gmt":"2020-05-27T10:53:05","guid":{"rendered":"https:\/\/www.caririemacao.com\/1\/?p=171669"},"modified":"2020-05-27T07:53:05","modified_gmt":"2020-05-27T10:53:05","slug":"presidente-do-tre-pb-diz-que-prorrogacao-de-mandatos-devido-a-pandemia-foi-descartada-pelo-tse","status":"publish","type":"post","link":"https:\/\/www.caririemacao.com\/1\/2020\/05\/27\/presidente-do-tre-pb-diz-que-prorrogacao-de-mandatos-devido-a-pandemia-foi-descartada-pelo-tse\/","title":{"rendered":"Presidente do TRE-PB diz que prorroga\u00e7\u00e3o de mandatos devido \u00e0 pandemia foi descartada pelo TSE"},"content":{"rendered":"\n<p>O presidente do Tribunal Regional Eleitoral da Para\u00edba (TRE-PB), desembargador Jos\u00e9 Ricardo Porto, revelou nesta ter\u00e7a-feira (26) que o novo presidente do Tribunal Superior Eleitoral (TSE), Lu\u00eds Roberto Barroso, descartou a prorroga\u00e7\u00e3o de&nbsp;<strong>mandatos<\/strong>&nbsp;devido \u00e0 pandemia do novo Coronav\u00edrus.<\/p>\n\n\n\n<p>Barroso tomou posse ontem em cerim\u00f4nia online que contou com a participa\u00e7\u00e3o do desembargador paraibano.<\/p>\n\n\n\n<p>\u201cDe logo descartou qualquer possibilidade de prorroga\u00e7\u00e3o de mandato pois, na sua \u00f3tica, como na \u00f3tica do povo brasileiro que pensa e exerce a democracia em toda plenitude, essa prorroga\u00e7\u00e3o iria contra o estado democr\u00e1tico de direito\u201d, disse \u00e0 Arapuan Fm.<\/p>\n\n\n\n<p>Porto declarou ainda que o TRE-PB est\u00e1 pronto para realizar o pleito eleitoral no Estado independente de poss\u00edvel adiamento.<\/p>\n\n\n\n<p>\u201cO TRE-PB atrav\u00e9s de toda sua equipe, valorosos servidores, estamos preparados equipados para realizarmos as elei\u00e7\u00f5es de 2020 seja qual data for estabelecida, temos acima de tudo compromisso com o povo paraibano\u201d, declarou.<\/p>\n","protected":false},"excerpt":{"rendered":"<p>O presidente do Tribunal Regional Eleitoral da Para\u00edba (TRE-PB), desembargador Jos\u00e9 Ricardo Porto, revelou nesta ter\u00e7a-feira (26) que o novo presidente do Tribunal Superior Eleitoral&hellip; <\/p>\n","protected":false},"author":2,"featured_media":171670,"comment_status":"closed","ping_status":"closed","sticky":false,"template":"","format":"standard","meta":{"sfsi_plus_gutenberg_text_before_share":"","sfsi_plus_gutenberg_show_text_before_share":"","sfsi_plus_gutenberg_icon_type":"","sfsi_plus_gutenberg_icon_alignemt":"","sfsi_plus_gutenburg_max_per_row":"","footnotes":""},"categories":[11],"tags":[],"class_list":["post-171669","post","type-post","status-publish","format-standard","has-post-thumbnail","hentry","category-politica"],"_links":{"self":[{"href":"https:\/\/www.caririemacao.com\/1\/wp-json\/wp\/v2\/posts\/171669","targetHints":{"allow":["GET"]}}],"collection":[{"href":"https:\/\/www.caririemacao.com\/1\/wp-json\/wp\/v2\/posts"}],"about":[{"href":"https:\/\/www.caririemacao.com\/1\/wp-json\/wp\/v2\/types\/post"}],"author":[{"embeddable":true,"href":"https:\/\/www.caririemacao.com\/1\/wp-json\/wp\/v2\/users\/2"}],"replies":[{"embeddable":true,"href":"https:\/\/www.caririemacao.com\/1\/wp-json\/wp\/v2\/comments?post=171669"}],"version-history":[{"count":1,"href":"https:\/\/www.caririemacao.com\/1\/wp-json\/wp\/v2\/posts\/171669\/revisions"}],"predecessor-version":[{"id":171671,"href":"https:\/\/www.caririemacao.com\/1\/wp-json\/wp\/v2\/posts\/171669\/revisions\/171671"}],"wp:featuredmedia":[{"embeddable":true,"href":"https:\/\/www.caririemacao.com\/1\/wp-json\/wp\/v2\/media\/171670"}],"wp:attachment":[{"href":"https:\/\/www.caririemacao.com\/1\/wp-json\/wp\/v2\/media?parent=171669"}],"wp:term":[{"taxonomy":"category","embeddable":true,"href":"https:\/\/www.caririemacao.com\/1\/wp-json\/wp\/v2\/categories?post=171669"},{"taxonomy":"post_tag","embeddable":true,"href":"https:\/\/www.caririemacao.com\/1\/wp-json\/wp\/v2\/tags?post=171669"}],"curies":[{"name":"wp","href":"https:\/\/api.w.org\/{rel}","templated":true}]}}