{"id":171673,"date":"2020-05-27T07:55:46","date_gmt":"2020-05-27T10:55:46","guid":{"rendered":"https:\/\/www.caririemacao.com\/1\/?p=171673"},"modified":"2020-05-27T07:55:46","modified_gmt":"2020-05-27T10:55:46","slug":"apos-40-dias-internado-policial-se-recupera-de-covid-e-recebe-alta-na-paraiba","status":"publish","type":"post","link":"https:\/\/www.caririemacao.com\/1\/2020\/05\/27\/apos-40-dias-internado-policial-se-recupera-de-covid-e-recebe-alta-na-paraiba\/","title":{"rendered":"Ap\u00f3s 40 dias internado, policial se recupera de Covid e recebe alta na Para\u00edba"},"content":{"rendered":"\n<p>Ap\u00f3s 40 dias de interna\u00e7\u00e3o, o&nbsp;2\u00ba sargento da Guarda Militar da Reserva (GMR), do 6\u00ba Batalh\u00e3o da Pol\u00edcia Militar em Cajazeiras, Francisco de Assis Almeida recebeu alta na \u00faltima segunda-feira (25), do Hospital Regional de Cajazeiras (HRC).&nbsp;Ele foi uma das 2.225 pessoas que foram recuperadas da doen\u00e7a do coronav\u00edrus na Para\u00edba at\u00e9 essa ter\u00e7a-feira (26).<\/p>\n\n\n\n<p>O sargento Almeida, que tem 61 anos de idade, j\u00e1 estava afastado do servi\u00e7o policial militar desde o m\u00eas de mar\u00e7o, por estar no grupo de risco devido a idade. \u201cEle foi afastado das fun\u00e7\u00f5es, seguindo as determina\u00e7\u00f5es do Comando-Geral da corpora\u00e7\u00e3o, por ele pertencer ao grupo de maiores de 60 anos. Em casa, ele teve contato com familiares que apresentavam sintomas suspeitos da doen\u00e7a e fez o teste para a detec\u00e7\u00e3o do Covid-19, recebendo o resultado positivo\u201d, explicou o tenente-coronel Nicolau Terceiro, comandante do 6\u00ba BPM.&nbsp;<\/p>\n\n\n\n<p>O policial foi encaminhado para o HRC e seu quadro de sa\u00fade se agravou. \u201cFiquei entubado por 14 dias mas consegui melhorar, tendo apoio do Hospital e da Policia Militar, que frequentemente mantinha contato com minha fam\u00edlia para o acompanhamento\u201d, relatou o sargento Almeida.<\/p>\n\n\n\n<p>Opera\u00e7\u00e3o \u201cPrevina-se\u201d \u2013 Desde o m\u00eas de mar\u00e7o, a Pol\u00edcia Militar tem atuado na preven\u00e7\u00e3o e no combate \u00e0 dissemina\u00e7\u00e3o do coronav\u00edrus entre os membros da corpora\u00e7\u00e3o, com a entrega de m\u00e1scaras e \u00e1lcool para o efetivo. Al\u00e9m disso, foram adotadas uma s\u00e9rie de procedimentos que reduziram as aglomera\u00e7\u00f5es internas, como reuni\u00f5es, solenidades, formaturas, e aulas nos centros de forma\u00e7\u00e3o, atividades que foram vetadas.&nbsp;<\/p>\n\n\n\n<p>Novos procedimentos policiais durante a abordagem foram colocados em pr\u00e1tica visando o distanciamento, bem como foi intensificado a limpeza de viaturas e locais de trabalho. As a\u00e7\u00f5es fazem parte da \u201cOpera\u00e7\u00e3o Previna-se\u201d e s\u00e3o acompanhadas por uma comiss\u00e3o tempor\u00e1ria criada para o enfrentamento \u00e0 pandemia de Covid-19.<\/p>\n\n\n\n<p>ClickPB<\/p>\n","protected":false},"excerpt":{"rendered":"<p>Ap\u00f3s 40 dias de interna\u00e7\u00e3o, o&nbsp;2\u00ba sargento da Guarda Militar da Reserva (GMR), do 6\u00ba Batalh\u00e3o da Pol\u00edcia Militar em Cajazeiras, Francisco de Assis Almeida&hellip; <\/p>\n","protected":false},"author":2,"featured_media":171674,"comment_status":"closed","ping_status":"closed","sticky":false,"template":"","format":"standard","meta":{"sfsi_plus_gutenberg_text_before_share":"","sfsi_plus_gutenberg_show_text_before_share":"","sfsi_plus_gutenberg_icon_type":"","sfsi_plus_gutenberg_icon_alignemt":"","sfsi_plus_gutenburg_max_per_row":"","footnotes":""},"categories":[2],"tags":[],"class_list":["post-171673","post","type-post","status-publish","format-standard","has-post-thumbnail","hentry","category-geral"],"_links":{"self":[{"href":"https:\/\/www.caririemacao.com\/1\/wp-json\/wp\/v2\/posts\/171673","targetHints":{"allow":["GET"]}}],"collection":[{"href":"https:\/\/www.caririemacao.com\/1\/wp-json\/wp\/v2\/posts"}],"about":[{"href":"https:\/\/www.caririemacao.com\/1\/wp-json\/wp\/v2\/types\/post"}],"author":[{"embeddable":true,"href":"https:\/\/www.caririemacao.com\/1\/wp-json\/wp\/v2\/users\/2"}],"replies":[{"embeddable":true,"href":"https:\/\/www.caririemacao.com\/1\/wp-json\/wp\/v2\/comments?post=171673"}],"version-history":[{"count":1,"href":"https:\/\/www.caririemacao.com\/1\/wp-json\/wp\/v2\/posts\/171673\/revisions"}],"predecessor-version":[{"id":171675,"href":"https:\/\/www.caririemacao.com\/1\/wp-json\/wp\/v2\/posts\/171673\/revisions\/171675"}],"wp:featuredmedia":[{"embeddable":true,"href":"https:\/\/www.caririemacao.com\/1\/wp-json\/wp\/v2\/media\/171674"}],"wp:attachment":[{"href":"https:\/\/www.caririemacao.com\/1\/wp-json\/wp\/v2\/media?parent=171673"}],"wp:term":[{"taxonomy":"category","embeddable":true,"href":"https:\/\/www.caririemacao.com\/1\/wp-json\/wp\/v2\/categories?post=171673"},{"taxonomy":"post_tag","embeddable":true,"href":"https:\/\/www.caririemacao.com\/1\/wp-json\/wp\/v2\/tags?post=171673"}],"curies":[{"name":"wp","href":"https:\/\/api.w.org\/{rel}","templated":true}]}}